{"id":987,"date":"2025-05-14T15:30:40","date_gmt":"2025-05-14T18:30:40","guid":{"rendered":"https:\/\/fofocasdanet.com\/?p=987"},"modified":"2025-05-14T15:30:40","modified_gmt":"2025-05-14T18:30:40","slug":"isabel-veloso-de-18-anos-compartilhou-uma-noticia-emocionante","status":"publish","type":"post","link":"https:\/\/fofocasdanet.com\/index.php\/2025\/05\/14\/isabel-veloso-de-18-anos-compartilhou-uma-noticia-emocionante\/","title":{"rendered":"Isabel Veloso, de 18 anos, compartilhou uma not\u00edcia emocionante"},"content":{"rendered":"\n<p class=\"wp-block-paragraph\">A influenciadora Isabel Veloso, de 18 anos, compartilhou uma not\u00edcia emocionante: o c\u00e2ncer que enfrentava entrou em remiss\u00e3o completa. Diagnosticada com linfoma de Hodgkin aos 15 anos, Isabel havia recebido um progn\u00f3stico terminal, mas agora celebra essa reviravolta em sua sa\u00fade.<\/p>\n\n\n\n<p class=\"wp-block-paragraph\">Em suas redes sociais, Isabel expressou sua alegria: &#8220;Acabei de sair da consulta, estou com o papel do exame de sangue, e ver que estou em remiss\u00e3o completa&#8230; Estou muito feliz&#8221; . Ela tamb\u00e9m mencionou que uma de suas irm\u00e3s \u00e9 50% compat\u00edvel para um poss\u00edvel transplante de medula \u00f3ssea, e ambas seguir\u00e3o para Curitiba para exames adicionais <\/p>\n\n\n\n<p class=\"wp-block-paragraph\">Apesar da remiss\u00e3o, Isabel continuar\u00e1 com tratamentos, incluindo imunoterapia, para manter a doen\u00e7a sob controle. Ela destacou a import\u00e2ncia de permanecer em remiss\u00e3o por cinco anos para considerar-se curada .<\/p>\n\n\n\n<p class=\"wp-block-paragraph\">A influenciadora tamb\u00e9m compartilhou sua emo\u00e7\u00e3o ao pensar no futuro: &#8220;O que mais me emociona em tudo isso \u00e9 que, se tudo der certo, vou poder ver meu filho crescer&#8221; .<\/p>\n\n\n\n<p class=\"wp-block-paragraph\">A hist\u00f3ria de Isabel Veloso \u00e9 um exemplo de resili\u00eancia e esperan\u00e7a, inspirando muitos que acompanham sua jornada.<\/p>\n\n\n\n<p class=\"wp-block-paragraph\"><a href=\"https:\/\/fofocasdanet.com\">https:\/\/fofocasdanet.com<\/a><\/p>\n","protected":false},"excerpt":{"rendered":"<p>A influenciadora Isabel Veloso, de 18 anos, compartilhou uma not\u00edcia emocionante: o c\u00e2ncer que enfrentava entrou em remiss\u00e3o completa. Diagnosticada<\/p>\n","protected":false},"author":1,"featured_media":988,"comment_status":"open","ping_status":"open","sticky":true,"template":"","format":"standard","meta":{"colormag_page_container_layout":"default_layout","colormag_page_sidebar_layout":"default_layout","om_disable_all_campaigns":false,"footnotes":""},"categories":[80],"tags":[50,52,49],"class_list":["post-987","post","type-post","status-publish","format-standard","has-post-thumbnail","hentry","category-celebridades","tag-noticias","tag-fama","tag-informativo"],"aioseo_notices":[],"aioseo_head":"\n\t\t<!-- All in One SEO 5.0.0.1 - aioseo.com -->\n\t<meta name=\"description\" content=\"A influenciadora Isabel Veloso, de 18 anos, compartilhou uma not\u00edcia emocionante: o c\u00e2ncer que enfrentava entrou em remiss\u00e3o completa. Diagnosticada com linfoma de Hodgkin aos 15 anos, Isabel havia recebido um progn\u00f3stico terminal, mas agora celebra essa reviravolta em sua sa\u00fade. Em suas redes sociais, Isabel expressou sua alegria: &quot;Acabei de sair da consulta, estou\" \/>\n\t<meta name=\"robots\" content=\"max-image-preview:large\" \/>\n\t<meta name=\"author\" content=\"Fofocas da Net\"\/>\n\t<link rel=\"canonical\" href=\"https:\/\/fofocasdanet.com\/index.php\/2025\/05\/14\/isabel-veloso-de-18-anos-compartilhou-uma-noticia-emocionante\/\" \/>\n\t<meta name=\"generator\" content=\"All in One SEO (AIOSEO) 5.0.0.1\" \/>\n\t\t<meta property=\"og:locale\" content=\"pt_BR\" \/>\n\t\t<meta property=\"og:site_name\" content=\"Fofocas da Net - Fofocas quentes do dia a dia !!!\" \/>\n\t\t<meta property=\"og:type\" content=\"article\" \/>\n\t\t<meta property=\"og:title\" content=\"Isabel Veloso, de 18 anos, compartilhou uma not\u00edcia emocionante - Fofocas da Net\" \/>\n\t\t<meta property=\"og:description\" content=\"A influenciadora Isabel Veloso, de 18 anos, compartilhou uma not\u00edcia emocionante: o c\u00e2ncer que enfrentava entrou em remiss\u00e3o completa. Diagnosticada com linfoma de Hodgkin aos 15 anos, Isabel havia recebido um progn\u00f3stico terminal, mas agora celebra essa reviravolta em sua sa\u00fade. Em suas redes sociais, Isabel expressou sua alegria: &quot;Acabei de sair da consulta, estou\" \/>\n\t\t<meta property=\"og:url\" content=\"https:\/\/fofocasdanet.com\/index.php\/2025\/05\/14\/isabel-veloso-de-18-anos-compartilhou-uma-noticia-emocionante\/\" \/>\n\t\t<meta property=\"article:published_time\" content=\"2025-05-14T18:30:40+00:00\" \/>\n\t\t<meta property=\"article:modified_time\" content=\"2025-05-14T18:30:40+00:00\" \/>\n\t\t<meta name=\"twitter:card\" content=\"summary\" \/>\n\t\t<meta name=\"twitter:title\" content=\"Isabel Veloso, de 18 anos, compartilhou uma not\u00edcia emocionante - Fofocas da Net\" \/>\n\t\t<meta name=\"twitter:description\" content=\"A influenciadora Isabel Veloso, de 18 anos, compartilhou uma not\u00edcia emocionante: o c\u00e2ncer que enfrentava entrou em remiss\u00e3o completa. Diagnosticada com linfoma de Hodgkin aos 15 anos, Isabel havia recebido um progn\u00f3stico terminal, mas agora celebra essa reviravolta em sua sa\u00fade. Em suas redes sociais, Isabel expressou sua alegria: &quot;Acabei de sair da consulta, estou\" \/>\n\t\t<script type=\"application\/ld+json\" class=\"aioseo-schema\">\n\t\t\t{\"@context\":\"https:\\\/\\\/schema.org\",\"@graph\":[{\"@type\":\"BlogPosting\",\"@id\":\"https:\\\/\\\/fofocasdanet.com\\\/index.php\\\/2025\\\/05\\\/14\\\/isabel-veloso-de-18-anos-compartilhou-uma-noticia-emocionante\\\/#blogposting\",\"name\":\"Isabel Veloso, de 18 anos, compartilhou uma not\\u00edcia emocionante - Fofocas da Net\",\"headline\":\"Isabel Veloso, de 18 anos, compartilhou uma not\\u00edcia emocionante\",\"author\":{\"@id\":\"https:\\\/\\\/fofocasdanet.com\\\/index.php\\\/author\\\/informativodaweb\\\/#author\"},\"publisher\":{\"@id\":\"https:\\\/\\\/fofocasdanet.com\\\/#organization\"},\"image\":{\"@type\":\"ImageObject\",\"url\":\"https:\\\/\\\/fofocasdanet.com\\\/wp-content\\\/uploads\\\/2025\\\/05\\\/isabel-veloso-familia-1140x570-1.jpg\",\"width\":1140,\"height\":570},\"datePublished\":\"2025-05-14T15:30:40-03:00\",\"dateModified\":\"2025-05-14T15:30:40-03:00\",\"inLanguage\":\"pt-BR\",\"mainEntityOfPage\":{\"@id\":\"https:\\\/\\\/fofocasdanet.com\\\/index.php\\\/2025\\\/05\\\/14\\\/isabel-veloso-de-18-anos-compartilhou-uma-noticia-emocionante\\\/#webpage\"},\"isPartOf\":{\"@id\":\"https:\\\/\\\/fofocasdanet.com\\\/index.php\\\/2025\\\/05\\\/14\\\/isabel-veloso-de-18-anos-compartilhou-uma-noticia-emocionante\\\/#webpage\"},\"articleSection\":\"Celebridades, ##noticias, #fama, #informativo\"},{\"@type\":\"BreadcrumbList\",\"@id\":\"https:\\\/\\\/fofocasdanet.com\\\/index.php\\\/2025\\\/05\\\/14\\\/isabel-veloso-de-18-anos-compartilhou-uma-noticia-emocionante\\\/#breadcrumblist\",\"itemListElement\":[{\"@type\":\"ListItem\",\"@id\":\"https:\\\/\\\/fofocasdanet.com#listItem\",\"position\":1,\"name\":\"In\\u00edcio\",\"item\":\"https:\\\/\\\/fofocasdanet.com\",\"nextItem\":{\"@type\":\"ListItem\",\"@id\":\"https:\\\/\\\/fofocasdanet.com\\\/index.php\\\/category\\\/celebridades\\\/#listItem\",\"name\":\"Celebridades\"}},{\"@type\":\"ListItem\",\"@id\":\"https:\\\/\\\/fofocasdanet.com\\\/index.php\\\/category\\\/celebridades\\\/#listItem\",\"position\":2,\"name\":\"Celebridades\",\"item\":\"https:\\\/\\\/fofocasdanet.com\\\/index.php\\\/category\\\/celebridades\\\/\",\"nextItem\":{\"@type\":\"ListItem\",\"@id\":\"https:\\\/\\\/fofocasdanet.com\\\/index.php\\\/2025\\\/05\\\/14\\\/isabel-veloso-de-18-anos-compartilhou-uma-noticia-emocionante\\\/#listItem\",\"name\":\"Isabel Veloso, de 18 anos, compartilhou uma not\\u00edcia emocionante\"},\"previousItem\":{\"@type\":\"ListItem\",\"@id\":\"https:\\\/\\\/fofocasdanet.com#listItem\",\"name\":\"In\\u00edcio\"}},{\"@type\":\"ListItem\",\"@id\":\"https:\\\/\\\/fofocasdanet.com\\\/index.php\\\/2025\\\/05\\\/14\\\/isabel-veloso-de-18-anos-compartilhou-uma-noticia-emocionante\\\/#listItem\",\"position\":3,\"name\":\"Isabel Veloso, de 18 anos, compartilhou uma not\\u00edcia emocionante\",\"previousItem\":{\"@type\":\"ListItem\",\"@id\":\"https:\\\/\\\/fofocasdanet.com\\\/index.php\\\/category\\\/celebridades\\\/#listItem\",\"name\":\"Celebridades\"}}]},{\"@type\":\"Organization\",\"@id\":\"https:\\\/\\\/fofocasdanet.com\\\/#organization\",\"name\":\"Finan\\u00e7as e Info\",\"description\":\"Fofocas quentes do dia a dia !!!\",\"url\":\"https:\\\/\\\/fofocasdanet.com\\\/\"},{\"@type\":\"Person\",\"@id\":\"https:\\\/\\\/fofocasdanet.com\\\/index.php\\\/author\\\/informativodaweb\\\/#author\",\"url\":\"https:\\\/\\\/fofocasdanet.com\\\/index.php\\\/author\\\/informativodaweb\\\/\",\"name\":\"Fofocas da Net\",\"image\":{\"@type\":\"ImageObject\",\"@id\":\"https:\\\/\\\/fofocasdanet.com\\\/index.php\\\/2025\\\/05\\\/14\\\/isabel-veloso-de-18-anos-compartilhou-uma-noticia-emocionante\\\/#authorImage\",\"url\":\"https:\\\/\\\/secure.gravatar.com\\\/avatar\\\/96d3bcc3dc7f55414009c9b068ce88cbc81e08a982c3302a1a27fbbf09621e0e?s=96&d=mm&r=g\",\"width\":96,\"height\":96,\"caption\":\"Fofocas da Net\"}},{\"@type\":\"WebPage\",\"@id\":\"https:\\\/\\\/fofocasdanet.com\\\/index.php\\\/2025\\\/05\\\/14\\\/isabel-veloso-de-18-anos-compartilhou-uma-noticia-emocionante\\\/#webpage\",\"url\":\"https:\\\/\\\/fofocasdanet.com\\\/index.php\\\/2025\\\/05\\\/14\\\/isabel-veloso-de-18-anos-compartilhou-uma-noticia-emocionante\\\/\",\"name\":\"Isabel Veloso, de 18 anos, compartilhou uma not\\u00edcia emocionante - Fofocas da Net\",\"description\":\"A influenciadora Isabel Veloso, de 18 anos, compartilhou uma not\\u00edcia emocionante: o c\\u00e2ncer que enfrentava entrou em remiss\\u00e3o completa. Diagnosticada com linfoma de Hodgkin aos 15 anos, Isabel havia recebido um progn\\u00f3stico terminal, mas agora celebra essa reviravolta em sua sa\\u00fade. Em suas redes sociais, Isabel expressou sua alegria: \\\"Acabei de sair da consulta, estou\",\"inLanguage\":\"pt-BR\",\"isPartOf\":{\"@id\":\"https:\\\/\\\/fofocasdanet.com\\\/#website\"},\"breadcrumb\":{\"@id\":\"https:\\\/\\\/fofocasdanet.com\\\/index.php\\\/2025\\\/05\\\/14\\\/isabel-veloso-de-18-anos-compartilhou-uma-noticia-emocionante\\\/#breadcrumblist\"},\"author\":{\"@id\":\"https:\\\/\\\/fofocasdanet.com\\\/index.php\\\/author\\\/informativodaweb\\\/#author\"},\"creator\":{\"@id\":\"https:\\\/\\\/fofocasdanet.com\\\/index.php\\\/author\\\/informativodaweb\\\/#author\"},\"image\":{\"@type\":\"ImageObject\",\"url\":\"https:\\\/\\\/fofocasdanet.com\\\/wp-content\\\/uploads\\\/2025\\\/05\\\/isabel-veloso-familia-1140x570-1.jpg\",\"@id\":\"https:\\\/\\\/fofocasdanet.com\\\/index.php\\\/2025\\\/05\\\/14\\\/isabel-veloso-de-18-anos-compartilhou-uma-noticia-emocionante\\\/#mainImage\",\"width\":1140,\"height\":570},\"primaryImageOfPage\":{\"@id\":\"https:\\\/\\\/fofocasdanet.com\\\/index.php\\\/2025\\\/05\\\/14\\\/isabel-veloso-de-18-anos-compartilhou-uma-noticia-emocionante\\\/#mainImage\"},\"datePublished\":\"2025-05-14T15:30:40-03:00\",\"dateModified\":\"2025-05-14T15:30:40-03:00\"},{\"@type\":\"WebSite\",\"@id\":\"https:\\\/\\\/fofocasdanet.com\\\/#website\",\"url\":\"https:\\\/\\\/fofocasdanet.com\\\/\",\"name\":\"Finan\\u00e7as e Info\",\"description\":\"Fofocas quentes do dia a dia !!!\",\"inLanguage\":\"pt-BR\",\"publisher\":{\"@id\":\"https:\\\/\\\/fofocasdanet.com\\\/#organization\"}}]}\n\t\t<\/script>\n\t\t<!-- All in One SEO -->\n\n","aioseo_head_json":{"title":"Isabel Veloso, de 18 anos, compartilhou uma not\u00edcia emocionante - Fofocas da Net","description":"A influenciadora Isabel Veloso, de 18 anos, compartilhou uma not\u00edcia emocionante: o c\u00e2ncer que enfrentava entrou em remiss\u00e3o completa. Diagnosticada com linfoma de Hodgkin aos 15 anos, Isabel havia recebido um progn\u00f3stico terminal, mas agora celebra essa reviravolta em sua sa\u00fade. Em suas redes sociais, Isabel expressou sua alegria: \"Acabei de sair da consulta, estou","canonical_url":"https:\/\/fofocasdanet.com\/index.php\/2025\/05\/14\/isabel-veloso-de-18-anos-compartilhou-uma-noticia-emocionante\/","robots":"max-image-preview:large","keywords":"","webmasterTools":{"miscellaneous":""},"schema":{"@context":"https:\/\/schema.org","@graph":[{"@type":"BlogPosting","@id":"https:\/\/fofocasdanet.com\/index.php\/2025\/05\/14\/isabel-veloso-de-18-anos-compartilhou-uma-noticia-emocionante\/#blogposting","name":"Isabel Veloso, de 18 anos, compartilhou uma not\u00edcia emocionante - Fofocas da Net","headline":"Isabel Veloso, de 18 anos, compartilhou uma not\u00edcia emocionante","author":{"@id":"https:\/\/fofocasdanet.com\/index.php\/author\/informativodaweb\/#author"},"publisher":{"@id":"https:\/\/fofocasdanet.com\/#organization"},"image":{"@type":"ImageObject","url":"https:\/\/fofocasdanet.com\/wp-content\/uploads\/2025\/05\/isabel-veloso-familia-1140x570-1.jpg","width":1140,"height":570},"datePublished":"2025-05-14T15:30:40-03:00","dateModified":"2025-05-14T15:30:40-03:00","inLanguage":"pt-BR","mainEntityOfPage":{"@id":"https:\/\/fofocasdanet.com\/index.php\/2025\/05\/14\/isabel-veloso-de-18-anos-compartilhou-uma-noticia-emocionante\/#webpage"},"isPartOf":{"@id":"https:\/\/fofocasdanet.com\/index.php\/2025\/05\/14\/isabel-veloso-de-18-anos-compartilhou-uma-noticia-emocionante\/#webpage"},"articleSection":"Celebridades, ##noticias, #fama, #informativo"},{"@type":"BreadcrumbList","@id":"https:\/\/fofocasdanet.com\/index.php\/2025\/05\/14\/isabel-veloso-de-18-anos-compartilhou-uma-noticia-emocionante\/#breadcrumblist","itemListElement":[{"@type":"ListItem","@id":"https:\/\/fofocasdanet.com#listItem","position":1,"name":"In\u00edcio","item":"https:\/\/fofocasdanet.com","nextItem":{"@type":"ListItem","@id":"https:\/\/fofocasdanet.com\/index.php\/category\/celebridades\/#listItem","name":"Celebridades"}},{"@type":"ListItem","@id":"https:\/\/fofocasdanet.com\/index.php\/category\/celebridades\/#listItem","position":2,"name":"Celebridades","item":"https:\/\/fofocasdanet.com\/index.php\/category\/celebridades\/","nextItem":{"@type":"ListItem","@id":"https:\/\/fofocasdanet.com\/index.php\/2025\/05\/14\/isabel-veloso-de-18-anos-compartilhou-uma-noticia-emocionante\/#listItem","name":"Isabel Veloso, de 18 anos, compartilhou uma not\u00edcia emocionante"},"previousItem":{"@type":"ListItem","@id":"https:\/\/fofocasdanet.com#listItem","name":"In\u00edcio"}},{"@type":"ListItem","@id":"https:\/\/fofocasdanet.com\/index.php\/2025\/05\/14\/isabel-veloso-de-18-anos-compartilhou-uma-noticia-emocionante\/#listItem","position":3,"name":"Isabel Veloso, de 18 anos, compartilhou uma not\u00edcia emocionante","previousItem":{"@type":"ListItem","@id":"https:\/\/fofocasdanet.com\/index.php\/category\/celebridades\/#listItem","name":"Celebridades"}}]},{"@type":"Organization","@id":"https:\/\/fofocasdanet.com\/#organization","name":"Finan\u00e7as e Info","description":"Fofocas quentes do dia a dia !!!","url":"https:\/\/fofocasdanet.com\/"},{"@type":"Person","@id":"https:\/\/fofocasdanet.com\/index.php\/author\/informativodaweb\/#author","url":"https:\/\/fofocasdanet.com\/index.php\/author\/informativodaweb\/","name":"Fofocas da Net","image":{"@type":"ImageObject","@id":"https:\/\/fofocasdanet.com\/index.php\/2025\/05\/14\/isabel-veloso-de-18-anos-compartilhou-uma-noticia-emocionante\/#authorImage","url":"https:\/\/secure.gravatar.com\/avatar\/96d3bcc3dc7f55414009c9b068ce88cbc81e08a982c3302a1a27fbbf09621e0e?s=96&d=mm&r=g","width":96,"height":96,"caption":"Fofocas da Net"}},{"@type":"WebPage","@id":"https:\/\/fofocasdanet.com\/index.php\/2025\/05\/14\/isabel-veloso-de-18-anos-compartilhou-uma-noticia-emocionante\/#webpage","url":"https:\/\/fofocasdanet.com\/index.php\/2025\/05\/14\/isabel-veloso-de-18-anos-compartilhou-uma-noticia-emocionante\/","name":"Isabel Veloso, de 18 anos, compartilhou uma not\u00edcia emocionante - Fofocas da Net","description":"A influenciadora Isabel Veloso, de 18 anos, compartilhou uma not\u00edcia emocionante: o c\u00e2ncer que enfrentava entrou em remiss\u00e3o completa. Diagnosticada com linfoma de Hodgkin aos 15 anos, Isabel havia recebido um progn\u00f3stico terminal, mas agora celebra essa reviravolta em sua sa\u00fade. Em suas redes sociais, Isabel expressou sua alegria: \"Acabei de sair da consulta, estou","inLanguage":"pt-BR","isPartOf":{"@id":"https:\/\/fofocasdanet.com\/#website"},"breadcrumb":{"@id":"https:\/\/fofocasdanet.com\/index.php\/2025\/05\/14\/isabel-veloso-de-18-anos-compartilhou-uma-noticia-emocionante\/#breadcrumblist"},"author":{"@id":"https:\/\/fofocasdanet.com\/index.php\/author\/informativodaweb\/#author"},"creator":{"@id":"https:\/\/fofocasdanet.com\/index.php\/author\/informativodaweb\/#author"},"image":{"@type":"ImageObject","url":"https:\/\/fofocasdanet.com\/wp-content\/uploads\/2025\/05\/isabel-veloso-familia-1140x570-1.jpg","@id":"https:\/\/fofocasdanet.com\/index.php\/2025\/05\/14\/isabel-veloso-de-18-anos-compartilhou-uma-noticia-emocionante\/#mainImage","width":1140,"height":570},"primaryImageOfPage":{"@id":"https:\/\/fofocasdanet.com\/index.php\/2025\/05\/14\/isabel-veloso-de-18-anos-compartilhou-uma-noticia-emocionante\/#mainImage"},"datePublished":"2025-05-14T15:30:40-03:00","dateModified":"2025-05-14T15:30:40-03:00"},{"@type":"WebSite","@id":"https:\/\/fofocasdanet.com\/#website","url":"https:\/\/fofocasdanet.com\/","name":"Finan\u00e7as e Info","description":"Fofocas quentes do dia a dia !!!","inLanguage":"pt-BR","publisher":{"@id":"https:\/\/fofocasdanet.com\/#organization"}}]},"og:locale":"pt_BR","og:site_name":"Fofocas da Net - Fofocas quentes do dia a dia !!!","og:type":"article","og:title":"Isabel Veloso, de 18 anos, compartilhou uma not\u00edcia emocionante - Fofocas da Net","og:description":"A influenciadora Isabel Veloso, de 18 anos, compartilhou uma not\u00edcia emocionante: o c\u00e2ncer que enfrentava entrou em remiss\u00e3o completa. Diagnosticada com linfoma de Hodgkin aos 15 anos, Isabel havia recebido um progn\u00f3stico terminal, mas agora celebra essa reviravolta em sua sa\u00fade. Em suas redes sociais, Isabel expressou sua alegria: &quot;Acabei de sair da consulta, estou","og:url":"https:\/\/fofocasdanet.com\/index.php\/2025\/05\/14\/isabel-veloso-de-18-anos-compartilhou-uma-noticia-emocionante\/","article:published_time":"2025-05-14T18:30:40+00:00","article:modified_time":"2025-05-14T18:30:40+00:00","twitter:card":"summary","twitter:title":"Isabel Veloso, de 18 anos, compartilhou uma not\u00edcia emocionante - Fofocas da Net","twitter:description":"A influenciadora Isabel Veloso, de 18 anos, compartilhou uma not\u00edcia emocionante: o c\u00e2ncer que enfrentava entrou em remiss\u00e3o completa. Diagnosticada com linfoma de Hodgkin aos 15 anos, Isabel havia recebido um progn\u00f3stico terminal, mas agora celebra essa reviravolta em sua sa\u00fade. Em suas redes sociais, Isabel expressou sua alegria: &quot;Acabei de sair da consulta, estou"},"aioseo_meta_data":{"post_id":"987","title":null,"description":null,"keywords":null,"keyphrases":{"focus":{"keyphrase":"","score":0,"analysis":{"keyphraseInTitle":{"score":0,"maxScore":9,"error":1}}},"additional":[]},"primary_term":null,"canonical_url":null,"og_title":null,"og_description":null,"og_object_type":"default","og_image_type":"default","og_image_url":null,"og_image_width":null,"og_image_height":null,"og_image_custom_url":null,"og_image_custom_fields":null,"og_video":"","og_custom_url":null,"og_article_section":null,"og_article_tags":null,"twitter_use_og":false,"twitter_card":"default","twitter_image_type":"default","twitter_image_url":null,"twitter_image_custom_url":null,"twitter_image_custom_fields":null,"twitter_title":null,"twitter_description":null,"schema":{"blockGraphs":[],"customGraphs":[],"default":{"data":{"Article":[],"Course":[],"Dataset":[],"FAQPage":[],"Movie":[],"Person":[],"Product":[],"ProductReview":[],"Car":[],"Recipe":[],"Service":[],"SoftwareApplication":[],"WebPage":[]},"graphName":"BlogPosting","isEnabled":true},"graphs":[]},"schema_type":"default","schema_type_options":null,"pillar_content":false,"robots_default":true,"robots_noindex":false,"robots_noarchive":false,"robots_nosnippet":false,"robots_nofollow":false,"robots_noimageindex":false,"robots_noodp":false,"robots_notranslate":false,"robots_max_snippet":"-1","robots_max_videopreview":"-1","robots_max_imagepreview":"large","priority":null,"frequency":"default","local_seo":null,"breadcrumb_settings":null,"limit_modified_date":false,"ai":null,"created":"2025-05-14 18:30:40","updated":"2025-06-14 09:39:21","seo_analyzer_scan_date":null,"focus_keyword":null,"additional_keywords":null,"truseo_locale":null},"aioseo_breadcrumb":"<div class=\"aioseo-breadcrumbs\"><span class=\"aioseo-breadcrumb\">\n\t\t\t<a href=\"https:\/\/fofocasdanet.com\" title=\"In\u00edcio\">In\u00edcio<\/a>\n\t\t<\/span><span class=\"aioseo-breadcrumb-separator\">&raquo;<\/span><span class=\"aioseo-breadcrumb\">\n\t\t\t<a href=\"https:\/\/fofocasdanet.com\/index.php\/category\/celebridades\/\" title=\"Celebridades\">Celebridades<\/a>\n\t\t<\/span><span class=\"aioseo-breadcrumb-separator\">&raquo;<\/span><span class=\"aioseo-breadcrumb\">\n\t\t\tIsabel Veloso, de 18 anos, compartilhou uma not\u00edcia emocionante\n\t\t<\/span><\/div>","aioseo_breadcrumb_json":[{"label":"In\u00edcio","link":"https:\/\/fofocasdanet.com"},{"label":"Celebridades","link":"https:\/\/fofocasdanet.com\/index.php\/category\/celebridades\/"},{"label":"Isabel Veloso, de 18 anos, compartilhou uma not\u00edcia emocionante","link":"https:\/\/fofocasdanet.com\/index.php\/2025\/05\/14\/isabel-veloso-de-18-anos-compartilhou-uma-noticia-emocionante\/"}],"_links":{"self":[{"href":"https:\/\/fofocasdanet.com\/index.php\/wp-json\/wp\/v2\/posts\/987","targetHints":{"allow":["GET"]}}],"collection":[{"href":"https:\/\/fofocasdanet.com\/index.php\/wp-json\/wp\/v2\/posts"}],"about":[{"href":"https:\/\/fofocasdanet.com\/index.php\/wp-json\/wp\/v2\/types\/post"}],"author":[{"embeddable":true,"href":"https:\/\/fofocasdanet.com\/index.php\/wp-json\/wp\/v2\/users\/1"}],"replies":[{"embeddable":true,"href":"https:\/\/fofocasdanet.com\/index.php\/wp-json\/wp\/v2\/comments?post=987"}],"version-history":[{"count":1,"href":"https:\/\/fofocasdanet.com\/index.php\/wp-json\/wp\/v2\/posts\/987\/revisions"}],"predecessor-version":[{"id":989,"href":"https:\/\/fofocasdanet.com\/index.php\/wp-json\/wp\/v2\/posts\/987\/revisions\/989"}],"wp:featuredmedia":[{"embeddable":true,"href":"https:\/\/fofocasdanet.com\/index.php\/wp-json\/wp\/v2\/media\/988"}],"wp:attachment":[{"href":"https:\/\/fofocasdanet.com\/index.php\/wp-json\/wp\/v2\/media?parent=987"}],"wp:term":[{"taxonomy":"category","embeddable":true,"href":"https:\/\/fofocasdanet.com\/index.php\/wp-json\/wp\/v2\/categories?post=987"},{"taxonomy":"post_tag","embeddable":true,"href":"https:\/\/fofocasdanet.com\/index.php\/wp-json\/wp\/v2\/tags?post=987"}],"curies":[{"name":"wp","href":"https:\/\/api.w.org\/{rel}","templated":true}]}}