{"id":878,"date":"2024-08-17T20:11:12","date_gmt":"2024-08-17T23:11:12","guid":{"rendered":"https:\/\/fofocasdanet.com\/index.php\/2024\/08\/17\/o-desejo-de-silvio-santos-o-rito-judaico-de-enterro-com-caixao-fechado-e-sem-flores\/"},"modified":"2024-08-17T20:14:26","modified_gmt":"2024-08-17T23:14:26","slug":"o-desejo-de-silvio-santos-o-rito-judaico-de-enterro-com-caixao-fechado-e-sem-flores","status":"publish","type":"post","link":"https:\/\/fofocasdanet.com\/index.php\/2024\/08\/17\/o-desejo-de-silvio-santos-o-rito-judaico-de-enterro-com-caixao-fechado-e-sem-flores\/","title":{"rendered":"O Rito Judaico de Enterro com Caix\u00e3o Fechado e Sem Flores"},"content":{"rendered":"\n<h2 class=\"wp-block-heading\"> Desejo de Silvio Santos<\/h2>\n\n\n\n<p>Silvio Santos, cujo nome verdadeiro \u00e9 Senor Abravanel, \u00e9 amplamente reconhecido como um dos maiores \u00edcones da televis\u00e3o brasileira. Nascido em 12 de dezembro de 1930, Silvio construiu uma carreira prol\u00edfica que abrange mais de meio s\u00e9culo, conquistando o carinho e a admira\u00e7\u00e3o de milh\u00f5es de telespectadores. Ele come\u00e7ou como radialista antes de alcan\u00e7ar a fama extraordin\u00e1ria como apresentador e empres\u00e1rio, lan\u00e7ando o Sistema Brasileiro de Televis\u00e3o (SBT) e consolidando-se como uma figura fundamental na m\u00eddia brasileira.<\/p>\n\n\n\n<p>Al\u00e9m de seu sucesso ineg\u00e1vel, Silvio Santos tem se destacado por suas origens culturais e religiosas. Nascido em uma fam\u00edlia judaica, ele sempre manteve um forte v\u00ednculo com suas ra\u00edzes. Ao longo dos anos, em diversas entrevistas e declara\u00e7\u00f5es p\u00fablicas, Silvio expressou desejos espec\u00edficos para seu funeral, que refletem suas cren\u00e7as religiosas e culturais. Ele manifestou a vontade de que seu enterro siga os preceitos judaicos, que incluem a utiliza\u00e7\u00e3o de um caix\u00e3o fechado e a aus\u00eancia de flores no funeral.<\/p>\n\n\n\n<p>Essa prefer\u00eancia est\u00e1 profundamente ligada \u00e0 heran\u00e7a cultural judaica de Silvio, bem como ao seu respeito pelos ritos tradicionais judaicos, conhecidos como a pr\u00e1tica de &#8220;levayah,&#8221; que se destaca pela simplicidade e dignidade. Tradicionalmente, o rito judaico de enterro enfatiza o retorno \u00e0 terra sem ostenta\u00e7\u00e3o, em linha com o princ\u00edpio de igualdade na morte, independentemente da posi\u00e7\u00e3o social alcan\u00e7ada em vida.<\/p>\n\n\n\n<p>O desejo de Silvio Santos de seguir esses preceitos \u00e9 um testemunho de sua conex\u00e3o com sua identidade judaica, mesmo sendo uma figura p\u00fablica com uma carreira brilhante e bem-sucedida no cen\u00e1rio cultural diversificado do Brasil. A op\u00e7\u00e3o por este rito funer\u00e1rio sublinha sua escolha pessoal de honrar suas tradi\u00e7\u00f5es e cren\u00e7as ancestrais at\u00e9 o fim.<\/p>\n\n\n\n<h2 class=\"wp-block-heading\">Os Ritos Funer\u00e1rios Judaicos<\/h2>\n\n\n\n<p>Os ritos funer\u00e1rios judaicos s\u00e3o profundamente enraizados na tradi\u00e7\u00e3o e na rever\u00eancia, destacando-se pela simplicidade e pelo respeito absoluto aos falecidos. Neste contexto, cada etapa do funeral possui um significado simb\u00f3lico que visa honrar a integridade do corpo e a mem\u00f3rias do ente querido que partiu. Entre as pr\u00e1ticas mais distintas est\u00e1 o uso de um caix\u00e3o simples e fechado. Este simboliza a igualdade de todos diante da morte, transmitindo a mensagem de humildade e simplicidade. O caix\u00e3o, muitas vezes feito de madeira n\u00e3o ornamentada, refor\u00e7a a ideia do ciclo natural da vida e da morte, sem o uso de adere\u00e7os extravagantes.<\/p>\n\n\n\n<p>Outro aspecto essencial dos ritos funer\u00e1rios judaicos \u00e9 a aus\u00eancia de flores. Diferente de outras tradi\u00e7\u00f5es onde as flores representam homenagem, no juda\u00edsmo o foco recai sobre a alma e o respeito ao corpo. A pr\u00e1tica de n\u00e3o usar flores evita distra\u00e7\u00f5es e mant\u00e9m a cerim\u00f4nia focada na espiritualidade e no conforto proporcionado \u00e0 fam\u00edlia enlutada.<\/p>\n\n\n\n<p>O per\u00edodo de luto, denominado shiva, \u00e9 um dos rituais mais significativos. Durante sete dias, a fam\u00edlia do falecido se recolhe para refletir, orar e receber visitantes que oferecem apoio e condol\u00eancias. Este per\u00edodo \u00e9 fundamental para o processo de luto, permitindo que os enlutados encontrem consolo atrav\u00e9s da comunidade e da f\u00e9. Durante o shiva, os amigos e familiares trazem refei\u00e7\u00f5es para os enlutados, ajudando a aliviar a carga di\u00e1ria e permitindo que se concentrem em sua perda.<\/p>\n\n\n\n<p>Os rituais funer\u00e1rios judaicos s\u00e3o projetados para honrar a vida e a mem\u00f3ria do falecido enquanto fornecem um sistema de suporte forte para os enlutados. Este equil\u00edbrio entre tradi\u00e7\u00e3o, respeito ao corpo e conforto \u00e0 fam\u00edlia \u00e9 o que caracteriza a profundidade e a beleza dos ritos funer\u00e1rios judaicos.<\/p>\n\n\n\n<h2 class=\"wp-block-heading\">A Heran\u00e7a Judaica de Silvio Santos<\/h2>\n\n\n\n<p>Silvio Santos, uma das figuras mais ic\u00f4nicas do entretenimento brasileiro, \u00e9 conhecido por sua trajet\u00f3ria marcante na televis\u00e3o. Entretanto, menos discutida, mas igualmente significativa, \u00e9 sua profunda conex\u00e3o com a cultura judaica. Nascido como Senor Abravanel, Silvio \u00e9 descendente de uma fam\u00edlia de imigrantes judeus sefarditas. Suas origens moldaram n\u00e3o s\u00f3 sua vida pessoal, mas tamb\u00e9m sua identidade cultural e religiosa, fatores que influenciam seus desejos e tradi\u00e7\u00f5es observadas at\u00e9 hoje.<\/p>\n\n\n\n<p>Desde jovem, Silvio manteve um v\u00ednculo estreito com as tradi\u00e7\u00f5es judaicas, influenciado principalmente por sua fam\u00edlia. Este respeito e devo\u00e7\u00e3o \u00e0s pr\u00e1ticas e rituais judaicos s\u00e3o vis\u00edveis em v\u00e1rios aspectos de sua vida. Celebrar as festas judaicas, participar de cerim\u00f4nias religiosas e seguir uma alimenta\u00e7\u00e3o kosher s\u00e3o pr\u00e1ticas que fizeram parte de sua rotina familiar, refor\u00e7ando sua identidade cultural e religiosa.<\/p>\n\n\n\n<p>Ao longo de sua vida, Silvio Santos nunca deixou de valorizar sua heran\u00e7a judaica, transmitindo esses princ\u00edpios e tradi\u00e7\u00f5es para suas filhas. Este compromisso com as pr\u00e1ticas judaicas \u00e9 algo que ele mant\u00e9m com grande respeito e carinho. Isso explica, em parte, seu desejo expresso de ter um funeral seguindo um rito judaico espec\u00edfico, que inclui o sepultamento com caix\u00e3o fechado e sem flores. Esta escolha reflete n\u00e3o apenas um respeito pelas tradi\u00e7\u00f5es de sua f\u00e9, mas tamb\u00e9m um desejo de honrar a mem\u00f3ria e os preceitos que foram passados a ele atrav\u00e9s das gera\u00e7\u00f5es.<\/p>\n\n\n\n<p>Explorando essa conex\u00e3o cultural de Silvio Santos, \u00e9 evidente que sua identifica\u00e7\u00e3o com as tradi\u00e7\u00f5es judaicas transcende aspectos cerimoniais, imbuindo sua vida de significado e continuidade. Em um mundo onde tradi\u00e7\u00f5es familiares podem ser facilmente esquecidas, Silvio exemplifica como honrar essas pr\u00e1ticas pode trazer um senso de pertencimento e respeito, que se estende at\u00e9 mesmo aos desejos para o pr\u00f3prio sepultamento.<\/p>\n","protected":false},"excerpt":{"rendered":"<p>Desejo de Silvio Santos Silvio Santos, cujo nome verdadeiro \u00e9 Senor Abravanel, \u00e9 amplamente reconhecido como um dos maiores \u00edcones<\/p>\n","protected":false},"author":1,"featured_media":880,"comment_status":"closed","ping_status":"closed","sticky":true,"template":"","format":"standard","meta":{"colormag_page_container_layout":"default_layout","colormag_page_sidebar_layout":"default_layout","footnotes":""},"categories":[154],"tags":[50,49,155],"class_list":["post-878","post","type-post","status-publish","format-standard","has-post-thumbnail","hentry","category-cultura-e-tradicoes","tag-noticias","tag-informativo","tag-funeral-services"],"aioseo_notices":[],"_links":{"self":[{"href":"https:\/\/fofocasdanet.com\/index.php\/wp-json\/wp\/v2\/posts\/878","targetHints":{"allow":["GET"]}}],"collection":[{"href":"https:\/\/fofocasdanet.com\/index.php\/wp-json\/wp\/v2\/posts"}],"about":[{"href":"https:\/\/fofocasdanet.com\/index.php\/wp-json\/wp\/v2\/types\/post"}],"author":[{"embeddable":true,"href":"https:\/\/fofocasdanet.com\/index.php\/wp-json\/wp\/v2\/users\/1"}],"replies":[{"embeddable":true,"href":"https:\/\/fofocasdanet.com\/index.php\/wp-json\/wp\/v2\/comments?post=878"}],"version-history":[{"count":1,"href":"https:\/\/fofocasdanet.com\/index.php\/wp-json\/wp\/v2\/posts\/878\/revisions"}],"predecessor-version":[{"id":881,"href":"https:\/\/fofocasdanet.com\/index.php\/wp-json\/wp\/v2\/posts\/878\/revisions\/881"}],"wp:featuredmedia":[{"embeddable":true,"href":"https:\/\/fofocasdanet.com\/index.php\/wp-json\/wp\/v2\/media\/880"}],"wp:attachment":[{"href":"https:\/\/fofocasdanet.com\/index.php\/wp-json\/wp\/v2\/media?parent=878"}],"wp:term":[{"taxonomy":"category","embeddable":true,"href":"https:\/\/fofocasdanet.com\/index.php\/wp-json\/wp\/v2\/categories?post=878"},{"taxonomy":"post_tag","embeddable":true,"href":"https:\/\/fofocasdanet.com\/index.php\/wp-json\/wp\/v2\/tags?post=878"}],"curies":[{"name":"wp","href":"https:\/\/api.w.org\/{rel}","templated":true}]}}