{"id":588,"date":"2023-11-27T16:14:52","date_gmt":"2023-11-27T19:14:52","guid":{"rendered":"https:\/\/fofocasdanet.com\/?p=588"},"modified":"2023-11-27T16:15:24","modified_gmt":"2023-11-27T19:15:24","slug":"angelica-celebrou-o-novo-ciclo","status":"publish","type":"post","link":"https:\/\/fofocasdanet.com\/index.php\/2023\/11\/27\/angelica-celebrou-o-novo-ciclo\/","title":{"rendered":"Ang\u00e9lica celebrou o novo ciclo:"},"content":{"rendered":"\n<p class=\"wp-block-paragraph\">&#8220;Num cen\u00e1rio repleto de cores vibrantes e a energia contagiante das flores, celebro de cora\u00e7\u00e3o aberto meio s\u00e9culo de vida. Esta festa, com o tema Flower Power, n\u00e3o \u00e9 apenas uma comemora\u00e7\u00e3o de anivers\u00e1rio, \u00e9 um reflexo de uma jornada repleta de viv\u00eancias, aprendizados e uma pitada de ousadia&#8221;, iniciou ela.<\/p>\n\n\n\n<p class=\"wp-block-paragraph\">&#8220;Hoje, ao lado de amigos e familiares, n\u00e3o s\u00f3 celebro meus 50 anos, mas tamb\u00e9m marco o lan\u00e7amento do meu novo programa, 50 e Tanto. Ao som da m\u00fasica e sob as luzes desta festa, brindemos \u00e0 vida, aos 50 anos e ao futuro repleto de promessas brilhantes&#8221;, finalizou.<\/p>\n","protected":false},"excerpt":{"rendered":"<p>&#8220;Num cen\u00e1rio repleto de cores vibrantes e a energia contagiante das flores, celebro de cora\u00e7\u00e3o aberto meio s\u00e9culo de vida.<\/p>\n","protected":false},"author":1,"featured_media":589,"comment_status":"closed","ping_status":"closed","sticky":true,"template":"","format":"status","meta":{"colormag_page_container_layout":"default_layout","colormag_page_sidebar_layout":"default_layout","om_disable_all_campaigns":false,"footnotes":""},"categories":[58],"tags":[50,52,53],"class_list":["post-588","post","type-post","status-publish","format-status","has-post-thumbnail","hentry","category-fama","tag-noticias","tag-fama","tag-novidades","post_format-post-format-status"],"aioseo_notices":[],"aioseo_head":"\n\t\t<!-- All in One SEO 5.0.0.1 - aioseo.com -->\n\t<meta name=\"description\" content=\"&quot;Num cen\u00e1rio repleto de cores vibrantes e a energia contagiante das flores, celebro de cora\u00e7\u00e3o aberto meio s\u00e9culo de vida. Esta festa, com o tema Flower Power, n\u00e3o \u00e9 apenas uma comemora\u00e7\u00e3o de anivers\u00e1rio, \u00e9 um reflexo de uma jornada repleta de viv\u00eancias, aprendizados e uma pitada de ousadia&quot;, iniciou ela. &quot;Hoje, ao lado de\" \/>\n\t<meta name=\"robots\" content=\"max-image-preview:large\" \/>\n\t<meta name=\"author\" content=\"Fofocas da Net\"\/>\n\t<link rel=\"canonical\" href=\"https:\/\/fofocasdanet.com\/index.php\/2023\/11\/27\/angelica-celebrou-o-novo-ciclo\/\" \/>\n\t<meta name=\"generator\" content=\"All in One SEO (AIOSEO) 5.0.0.1\" \/>\n\t\t<meta property=\"og:locale\" content=\"pt_BR\" \/>\n\t\t<meta property=\"og:site_name\" content=\"Fofocas da Net - Fofocas quentes do dia a dia !!!\" \/>\n\t\t<meta property=\"og:type\" content=\"article\" \/>\n\t\t<meta property=\"og:title\" content=\"Ang\u00e9lica celebrou o novo ciclo: - Fofocas da Net\" \/>\n\t\t<meta property=\"og:description\" content=\"&quot;Num cen\u00e1rio repleto de cores vibrantes e a energia contagiante das flores, celebro de cora\u00e7\u00e3o aberto meio s\u00e9culo de vida. Esta festa, com o tema Flower Power, n\u00e3o \u00e9 apenas uma comemora\u00e7\u00e3o de anivers\u00e1rio, \u00e9 um reflexo de uma jornada repleta de viv\u00eancias, aprendizados e uma pitada de ousadia&quot;, iniciou ela. &quot;Hoje, ao lado de\" \/>\n\t\t<meta property=\"og:url\" content=\"https:\/\/fofocasdanet.com\/index.php\/2023\/11\/27\/angelica-celebrou-o-novo-ciclo\/\" \/>\n\t\t<meta property=\"article:published_time\" content=\"2023-11-27T19:14:52+00:00\" \/>\n\t\t<meta property=\"article:modified_time\" content=\"2023-11-27T19:15:24+00:00\" \/>\n\t\t<meta name=\"twitter:card\" content=\"summary\" \/>\n\t\t<meta name=\"twitter:title\" content=\"Ang\u00e9lica celebrou o novo ciclo: - Fofocas da Net\" \/>\n\t\t<meta name=\"twitter:description\" content=\"&quot;Num cen\u00e1rio repleto de cores vibrantes e a energia contagiante das flores, celebro de cora\u00e7\u00e3o aberto meio s\u00e9culo de vida. Esta festa, com o tema Flower Power, n\u00e3o \u00e9 apenas uma comemora\u00e7\u00e3o de anivers\u00e1rio, \u00e9 um reflexo de uma jornada repleta de viv\u00eancias, aprendizados e uma pitada de ousadia&quot;, iniciou ela. &quot;Hoje, ao lado de\" \/>\n\t\t<script type=\"application\/ld+json\" class=\"aioseo-schema\">\n\t\t\t{\"@context\":\"https:\\\/\\\/schema.org\",\"@graph\":[{\"@type\":\"BlogPosting\",\"@id\":\"https:\\\/\\\/fofocasdanet.com\\\/index.php\\\/2023\\\/11\\\/27\\\/angelica-celebrou-o-novo-ciclo\\\/#blogposting\",\"name\":\"Ang\\u00e9lica celebrou o novo ciclo: - Fofocas da Net\",\"headline\":\"Ang\\u00e9lica celebrou o novo ciclo:\",\"author\":{\"@id\":\"https:\\\/\\\/fofocasdanet.com\\\/index.php\\\/author\\\/informativodaweb\\\/#author\"},\"publisher\":{\"@id\":\"https:\\\/\\\/fofocasdanet.com\\\/#organization\"},\"image\":{\"@type\":\"ImageObject\",\"url\":\"https:\\\/\\\/fofocasdanet.com\\\/wp-content\\\/uploads\\\/2023\\\/11\\\/angelica-aniversario.jpg-e1701008274200.webp\",\"width\":605,\"height\":341},\"datePublished\":\"2023-11-27T16:14:52-03:00\",\"dateModified\":\"2023-11-27T16:15:24-03:00\",\"inLanguage\":\"pt-BR\",\"mainEntityOfPage\":{\"@id\":\"https:\\\/\\\/fofocasdanet.com\\\/index.php\\\/2023\\\/11\\\/27\\\/angelica-celebrou-o-novo-ciclo\\\/#webpage\"},\"isPartOf\":{\"@id\":\"https:\\\/\\\/fofocasdanet.com\\\/index.php\\\/2023\\\/11\\\/27\\\/angelica-celebrou-o-novo-ciclo\\\/#webpage\"},\"articleSection\":\"Fama, ##noticias, #fama, #novidades, Status\"},{\"@type\":\"BreadcrumbList\",\"@id\":\"https:\\\/\\\/fofocasdanet.com\\\/index.php\\\/2023\\\/11\\\/27\\\/angelica-celebrou-o-novo-ciclo\\\/#breadcrumblist\",\"itemListElement\":[{\"@type\":\"ListItem\",\"@id\":\"https:\\\/\\\/fofocasdanet.com#listItem\",\"position\":1,\"name\":\"In\\u00edcio\",\"item\":\"https:\\\/\\\/fofocasdanet.com\",\"nextItem\":{\"@type\":\"ListItem\",\"@id\":\"https:\\\/\\\/fofocasdanet.com\\\/index.php\\\/category\\\/fama\\\/#listItem\",\"name\":\"Fama\"}},{\"@type\":\"ListItem\",\"@id\":\"https:\\\/\\\/fofocasdanet.com\\\/index.php\\\/category\\\/fama\\\/#listItem\",\"position\":2,\"name\":\"Fama\",\"item\":\"https:\\\/\\\/fofocasdanet.com\\\/index.php\\\/category\\\/fama\\\/\",\"nextItem\":{\"@type\":\"ListItem\",\"@id\":\"https:\\\/\\\/fofocasdanet.com\\\/index.php\\\/2023\\\/11\\\/27\\\/angelica-celebrou-o-novo-ciclo\\\/#listItem\",\"name\":\"Ang\\u00e9lica celebrou o novo ciclo:\"},\"previousItem\":{\"@type\":\"ListItem\",\"@id\":\"https:\\\/\\\/fofocasdanet.com#listItem\",\"name\":\"In\\u00edcio\"}},{\"@type\":\"ListItem\",\"@id\":\"https:\\\/\\\/fofocasdanet.com\\\/index.php\\\/2023\\\/11\\\/27\\\/angelica-celebrou-o-novo-ciclo\\\/#listItem\",\"position\":3,\"name\":\"Ang\\u00e9lica celebrou o novo ciclo:\",\"previousItem\":{\"@type\":\"ListItem\",\"@id\":\"https:\\\/\\\/fofocasdanet.com\\\/index.php\\\/category\\\/fama\\\/#listItem\",\"name\":\"Fama\"}}]},{\"@type\":\"Organization\",\"@id\":\"https:\\\/\\\/fofocasdanet.com\\\/#organization\",\"name\":\"Finan\\u00e7as e Info\",\"description\":\"Fofocas quentes do dia a dia !!!\",\"url\":\"https:\\\/\\\/fofocasdanet.com\\\/\"},{\"@type\":\"Person\",\"@id\":\"https:\\\/\\\/fofocasdanet.com\\\/index.php\\\/author\\\/informativodaweb\\\/#author\",\"url\":\"https:\\\/\\\/fofocasdanet.com\\\/index.php\\\/author\\\/informativodaweb\\\/\",\"name\":\"Fofocas da Net\",\"image\":{\"@type\":\"ImageObject\",\"@id\":\"https:\\\/\\\/fofocasdanet.com\\\/index.php\\\/2023\\\/11\\\/27\\\/angelica-celebrou-o-novo-ciclo\\\/#authorImage\",\"url\":\"https:\\\/\\\/secure.gravatar.com\\\/avatar\\\/96d3bcc3dc7f55414009c9b068ce88cbc81e08a982c3302a1a27fbbf09621e0e?s=96&d=mm&r=g\",\"width\":96,\"height\":96,\"caption\":\"Fofocas da Net\"}},{\"@type\":\"WebPage\",\"@id\":\"https:\\\/\\\/fofocasdanet.com\\\/index.php\\\/2023\\\/11\\\/27\\\/angelica-celebrou-o-novo-ciclo\\\/#webpage\",\"url\":\"https:\\\/\\\/fofocasdanet.com\\\/index.php\\\/2023\\\/11\\\/27\\\/angelica-celebrou-o-novo-ciclo\\\/\",\"name\":\"Ang\\u00e9lica celebrou o novo ciclo: - Fofocas da Net\",\"description\":\"\\\"Num cen\\u00e1rio repleto de cores vibrantes e a energia contagiante das flores, celebro de cora\\u00e7\\u00e3o aberto meio s\\u00e9culo de vida. Esta festa, com o tema Flower Power, n\\u00e3o \\u00e9 apenas uma comemora\\u00e7\\u00e3o de anivers\\u00e1rio, \\u00e9 um reflexo de uma jornada repleta de viv\\u00eancias, aprendizados e uma pitada de ousadia\\\", iniciou ela. \\\"Hoje, ao lado de\",\"inLanguage\":\"pt-BR\",\"isPartOf\":{\"@id\":\"https:\\\/\\\/fofocasdanet.com\\\/#website\"},\"breadcrumb\":{\"@id\":\"https:\\\/\\\/fofocasdanet.com\\\/index.php\\\/2023\\\/11\\\/27\\\/angelica-celebrou-o-novo-ciclo\\\/#breadcrumblist\"},\"author\":{\"@id\":\"https:\\\/\\\/fofocasdanet.com\\\/index.php\\\/author\\\/informativodaweb\\\/#author\"},\"creator\":{\"@id\":\"https:\\\/\\\/fofocasdanet.com\\\/index.php\\\/author\\\/informativodaweb\\\/#author\"},\"image\":{\"@type\":\"ImageObject\",\"url\":\"https:\\\/\\\/fofocasdanet.com\\\/wp-content\\\/uploads\\\/2023\\\/11\\\/angelica-aniversario.jpg-e1701008274200.webp\",\"@id\":\"https:\\\/\\\/fofocasdanet.com\\\/index.php\\\/2023\\\/11\\\/27\\\/angelica-celebrou-o-novo-ciclo\\\/#mainImage\",\"width\":605,\"height\":341},\"primaryImageOfPage\":{\"@id\":\"https:\\\/\\\/fofocasdanet.com\\\/index.php\\\/2023\\\/11\\\/27\\\/angelica-celebrou-o-novo-ciclo\\\/#mainImage\"},\"datePublished\":\"2023-11-27T16:14:52-03:00\",\"dateModified\":\"2023-11-27T16:15:24-03:00\"},{\"@type\":\"WebSite\",\"@id\":\"https:\\\/\\\/fofocasdanet.com\\\/#website\",\"url\":\"https:\\\/\\\/fofocasdanet.com\\\/\",\"name\":\"Finan\\u00e7as e Info\",\"description\":\"Fofocas quentes do dia a dia !!!\",\"inLanguage\":\"pt-BR\",\"publisher\":{\"@id\":\"https:\\\/\\\/fofocasdanet.com\\\/#organization\"}}]}\n\t\t<\/script>\n\t\t<!-- All in One SEO -->\n\n","aioseo_head_json":{"title":"Ang\u00e9lica celebrou o novo ciclo: - Fofocas da Net","description":"\"Num cen\u00e1rio repleto de cores vibrantes e a energia contagiante das flores, celebro de cora\u00e7\u00e3o aberto meio s\u00e9culo de vida. Esta festa, com o tema Flower Power, n\u00e3o \u00e9 apenas uma comemora\u00e7\u00e3o de anivers\u00e1rio, \u00e9 um reflexo de uma jornada repleta de viv\u00eancias, aprendizados e uma pitada de ousadia\", iniciou ela. \"Hoje, ao lado de","canonical_url":"https:\/\/fofocasdanet.com\/index.php\/2023\/11\/27\/angelica-celebrou-o-novo-ciclo\/","robots":"max-image-preview:large","keywords":"","webmasterTools":{"miscellaneous":""},"schema":{"@context":"https:\/\/schema.org","@graph":[{"@type":"BlogPosting","@id":"https:\/\/fofocasdanet.com\/index.php\/2023\/11\/27\/angelica-celebrou-o-novo-ciclo\/#blogposting","name":"Ang\u00e9lica celebrou o novo ciclo: - Fofocas da Net","headline":"Ang\u00e9lica celebrou o novo ciclo:","author":{"@id":"https:\/\/fofocasdanet.com\/index.php\/author\/informativodaweb\/#author"},"publisher":{"@id":"https:\/\/fofocasdanet.com\/#organization"},"image":{"@type":"ImageObject","url":"https:\/\/fofocasdanet.com\/wp-content\/uploads\/2023\/11\/angelica-aniversario.jpg-e1701008274200.webp","width":605,"height":341},"datePublished":"2023-11-27T16:14:52-03:00","dateModified":"2023-11-27T16:15:24-03:00","inLanguage":"pt-BR","mainEntityOfPage":{"@id":"https:\/\/fofocasdanet.com\/index.php\/2023\/11\/27\/angelica-celebrou-o-novo-ciclo\/#webpage"},"isPartOf":{"@id":"https:\/\/fofocasdanet.com\/index.php\/2023\/11\/27\/angelica-celebrou-o-novo-ciclo\/#webpage"},"articleSection":"Fama, ##noticias, #fama, #novidades, Status"},{"@type":"BreadcrumbList","@id":"https:\/\/fofocasdanet.com\/index.php\/2023\/11\/27\/angelica-celebrou-o-novo-ciclo\/#breadcrumblist","itemListElement":[{"@type":"ListItem","@id":"https:\/\/fofocasdanet.com#listItem","position":1,"name":"In\u00edcio","item":"https:\/\/fofocasdanet.com","nextItem":{"@type":"ListItem","@id":"https:\/\/fofocasdanet.com\/index.php\/category\/fama\/#listItem","name":"Fama"}},{"@type":"ListItem","@id":"https:\/\/fofocasdanet.com\/index.php\/category\/fama\/#listItem","position":2,"name":"Fama","item":"https:\/\/fofocasdanet.com\/index.php\/category\/fama\/","nextItem":{"@type":"ListItem","@id":"https:\/\/fofocasdanet.com\/index.php\/2023\/11\/27\/angelica-celebrou-o-novo-ciclo\/#listItem","name":"Ang\u00e9lica celebrou o novo ciclo:"},"previousItem":{"@type":"ListItem","@id":"https:\/\/fofocasdanet.com#listItem","name":"In\u00edcio"}},{"@type":"ListItem","@id":"https:\/\/fofocasdanet.com\/index.php\/2023\/11\/27\/angelica-celebrou-o-novo-ciclo\/#listItem","position":3,"name":"Ang\u00e9lica celebrou o novo ciclo:","previousItem":{"@type":"ListItem","@id":"https:\/\/fofocasdanet.com\/index.php\/category\/fama\/#listItem","name":"Fama"}}]},{"@type":"Organization","@id":"https:\/\/fofocasdanet.com\/#organization","name":"Finan\u00e7as e Info","description":"Fofocas quentes do dia a dia !!!","url":"https:\/\/fofocasdanet.com\/"},{"@type":"Person","@id":"https:\/\/fofocasdanet.com\/index.php\/author\/informativodaweb\/#author","url":"https:\/\/fofocasdanet.com\/index.php\/author\/informativodaweb\/","name":"Fofocas da Net","image":{"@type":"ImageObject","@id":"https:\/\/fofocasdanet.com\/index.php\/2023\/11\/27\/angelica-celebrou-o-novo-ciclo\/#authorImage","url":"https:\/\/secure.gravatar.com\/avatar\/96d3bcc3dc7f55414009c9b068ce88cbc81e08a982c3302a1a27fbbf09621e0e?s=96&d=mm&r=g","width":96,"height":96,"caption":"Fofocas da Net"}},{"@type":"WebPage","@id":"https:\/\/fofocasdanet.com\/index.php\/2023\/11\/27\/angelica-celebrou-o-novo-ciclo\/#webpage","url":"https:\/\/fofocasdanet.com\/index.php\/2023\/11\/27\/angelica-celebrou-o-novo-ciclo\/","name":"Ang\u00e9lica celebrou o novo ciclo: - Fofocas da Net","description":"\"Num cen\u00e1rio repleto de cores vibrantes e a energia contagiante das flores, celebro de cora\u00e7\u00e3o aberto meio s\u00e9culo de vida. Esta festa, com o tema Flower Power, n\u00e3o \u00e9 apenas uma comemora\u00e7\u00e3o de anivers\u00e1rio, \u00e9 um reflexo de uma jornada repleta de viv\u00eancias, aprendizados e uma pitada de ousadia\", iniciou ela. \"Hoje, ao lado de","inLanguage":"pt-BR","isPartOf":{"@id":"https:\/\/fofocasdanet.com\/#website"},"breadcrumb":{"@id":"https:\/\/fofocasdanet.com\/index.php\/2023\/11\/27\/angelica-celebrou-o-novo-ciclo\/#breadcrumblist"},"author":{"@id":"https:\/\/fofocasdanet.com\/index.php\/author\/informativodaweb\/#author"},"creator":{"@id":"https:\/\/fofocasdanet.com\/index.php\/author\/informativodaweb\/#author"},"image":{"@type":"ImageObject","url":"https:\/\/fofocasdanet.com\/wp-content\/uploads\/2023\/11\/angelica-aniversario.jpg-e1701008274200.webp","@id":"https:\/\/fofocasdanet.com\/index.php\/2023\/11\/27\/angelica-celebrou-o-novo-ciclo\/#mainImage","width":605,"height":341},"primaryImageOfPage":{"@id":"https:\/\/fofocasdanet.com\/index.php\/2023\/11\/27\/angelica-celebrou-o-novo-ciclo\/#mainImage"},"datePublished":"2023-11-27T16:14:52-03:00","dateModified":"2023-11-27T16:15:24-03:00"},{"@type":"WebSite","@id":"https:\/\/fofocasdanet.com\/#website","url":"https:\/\/fofocasdanet.com\/","name":"Finan\u00e7as e Info","description":"Fofocas quentes do dia a dia !!!","inLanguage":"pt-BR","publisher":{"@id":"https:\/\/fofocasdanet.com\/#organization"}}]},"og:locale":"pt_BR","og:site_name":"Fofocas da Net - Fofocas quentes do dia a dia !!!","og:type":"article","og:title":"Ang\u00e9lica celebrou o novo ciclo: - Fofocas da Net","og:description":"&quot;Num cen\u00e1rio repleto de cores vibrantes e a energia contagiante das flores, celebro de cora\u00e7\u00e3o aberto meio s\u00e9culo de vida. Esta festa, com o tema Flower Power, n\u00e3o \u00e9 apenas uma comemora\u00e7\u00e3o de anivers\u00e1rio, \u00e9 um reflexo de uma jornada repleta de viv\u00eancias, aprendizados e uma pitada de ousadia&quot;, iniciou ela. &quot;Hoje, ao lado de","og:url":"https:\/\/fofocasdanet.com\/index.php\/2023\/11\/27\/angelica-celebrou-o-novo-ciclo\/","article:published_time":"2023-11-27T19:14:52+00:00","article:modified_time":"2023-11-27T19:15:24+00:00","twitter:card":"summary","twitter:title":"Ang\u00e9lica celebrou o novo ciclo: - Fofocas da Net","twitter:description":"&quot;Num cen\u00e1rio repleto de cores vibrantes e a energia contagiante das flores, celebro de cora\u00e7\u00e3o aberto meio s\u00e9culo de vida. Esta festa, com o tema Flower Power, n\u00e3o \u00e9 apenas uma comemora\u00e7\u00e3o de anivers\u00e1rio, \u00e9 um reflexo de uma jornada repleta de viv\u00eancias, aprendizados e uma pitada de ousadia&quot;, iniciou ela. &quot;Hoje, ao lado de"},"aioseo_meta_data":{"post_id":"588","title":null,"description":null,"keywords":[],"keyphrases":{"focus":{"keyphrase":"","score":0,"analysis":{"keyphraseInTitle":{"score":0,"maxScore":9,"error":1}}},"additional":[]},"primary_term":null,"canonical_url":null,"og_title":null,"og_description":null,"og_object_type":"default","og_image_type":"default","og_image_url":null,"og_image_width":null,"og_image_height":null,"og_image_custom_url":null,"og_image_custom_fields":null,"og_video":"","og_custom_url":null,"og_article_section":null,"og_article_tags":[],"twitter_use_og":false,"twitter_card":"default","twitter_image_type":"default","twitter_image_url":null,"twitter_image_custom_url":null,"twitter_image_custom_fields":null,"twitter_title":null,"twitter_description":null,"schema":{"blockGraphs":[],"customGraphs":[],"default":{"data":{"Article":[],"Course":[],"Dataset":[],"FAQPage":[],"Movie":[],"Person":[],"Product":[],"ProductReview":[],"Car":[],"Recipe":[],"Service":[],"SoftwareApplication":[],"WebPage":[]},"graphName":"BlogPosting","isEnabled":true},"graphs":[]},"schema_type":"default","schema_type_options":null,"pillar_content":false,"robots_default":true,"robots_noindex":false,"robots_noarchive":false,"robots_nosnippet":false,"robots_nofollow":false,"robots_noimageindex":false,"robots_noodp":false,"robots_notranslate":false,"robots_max_snippet":"-1","robots_max_videopreview":"-1","robots_max_imagepreview":"large","priority":null,"frequency":"default","local_seo":null,"breadcrumb_settings":null,"limit_modified_date":false,"ai":null,"created":"2023-11-27 19:14:53","updated":"2025-06-14 08:05:57","seo_analyzer_scan_date":null,"focus_keyword":null,"additional_keywords":null,"truseo_locale":null},"aioseo_breadcrumb":"<div class=\"aioseo-breadcrumbs\"><span class=\"aioseo-breadcrumb\">\n\t\t\t<a href=\"https:\/\/fofocasdanet.com\" title=\"In\u00edcio\">In\u00edcio<\/a>\n\t\t<\/span><span class=\"aioseo-breadcrumb-separator\">&raquo;<\/span><span class=\"aioseo-breadcrumb\">\n\t\t\t<a href=\"https:\/\/fofocasdanet.com\/index.php\/category\/fama\/\" title=\"Fama\">Fama<\/a>\n\t\t<\/span><span class=\"aioseo-breadcrumb-separator\">&raquo;<\/span><span class=\"aioseo-breadcrumb\">\n\t\t\tAng\u00e9lica celebrou o novo ciclo:\n\t\t<\/span><\/div>","aioseo_breadcrumb_json":[{"label":"In\u00edcio","link":"https:\/\/fofocasdanet.com"},{"label":"Fama","link":"https:\/\/fofocasdanet.com\/index.php\/category\/fama\/"},{"label":"Ang\u00e9lica celebrou o novo ciclo:","link":"https:\/\/fofocasdanet.com\/index.php\/2023\/11\/27\/angelica-celebrou-o-novo-ciclo\/"}],"_links":{"self":[{"href":"https:\/\/fofocasdanet.com\/index.php\/wp-json\/wp\/v2\/posts\/588","targetHints":{"allow":["GET"]}}],"collection":[{"href":"https:\/\/fofocasdanet.com\/index.php\/wp-json\/wp\/v2\/posts"}],"about":[{"href":"https:\/\/fofocasdanet.com\/index.php\/wp-json\/wp\/v2\/types\/post"}],"author":[{"embeddable":true,"href":"https:\/\/fofocasdanet.com\/index.php\/wp-json\/wp\/v2\/users\/1"}],"replies":[{"embeddable":true,"href":"https:\/\/fofocasdanet.com\/index.php\/wp-json\/wp\/v2\/comments?post=588"}],"version-history":[{"count":2,"href":"https:\/\/fofocasdanet.com\/index.php\/wp-json\/wp\/v2\/posts\/588\/revisions"}],"predecessor-version":[{"id":591,"href":"https:\/\/fofocasdanet.com\/index.php\/wp-json\/wp\/v2\/posts\/588\/revisions\/591"}],"wp:featuredmedia":[{"embeddable":true,"href":"https:\/\/fofocasdanet.com\/index.php\/wp-json\/wp\/v2\/media\/589"}],"wp:attachment":[{"href":"https:\/\/fofocasdanet.com\/index.php\/wp-json\/wp\/v2\/media?parent=588"}],"wp:term":[{"taxonomy":"category","embeddable":true,"href":"https:\/\/fofocasdanet.com\/index.php\/wp-json\/wp\/v2\/categories?post=588"},{"taxonomy":"post_tag","embeddable":true,"href":"https:\/\/fofocasdanet.com\/index.php\/wp-json\/wp\/v2\/tags?post=588"}],"curies":[{"name":"wp","href":"https:\/\/api.w.org\/{rel}","templated":true}]}}