{"id":1060,"date":"2025-11-05T16:37:15","date_gmt":"2025-11-05T19:37:15","guid":{"rendered":"https:\/\/fofocasdanet.com\/?p=1060"},"modified":"2025-11-05T16:37:17","modified_gmt":"2025-11-05T19:37:17","slug":"bastidores-em-chamas-o-conflito-entre-tais-araujo-e-manuela-dias-abala-os-estudios-da-globo","status":"publish","type":"post","link":"https:\/\/fofocasdanet.com\/index.php\/2025\/11\/05\/bastidores-em-chamas-o-conflito-entre-tais-araujo-e-manuela-dias-abala-os-estudios-da-globo\/","title":{"rendered":"Bastidores em Chamas: O Conflito Entre Ta\u00eds Ara\u00fajo e Manuela Dias Abala os Est\u00fadios da Globo"},"content":{"rendered":"\n<p class=\"wp-block-paragraph\">Nos bastidores da teledramaturgia brasileira, poucas coisas chamam tanta aten\u00e7\u00e3o quanto uma boa hist\u00f3ria de bastidor envolvendo grandes nomes da TV. E foi exatamente isso que aconteceu nesta semana, quando veio \u00e0 tona a not\u00edcia de um desentendimento entre a atriz&nbsp;<strong>Ta\u00eds Ara\u00fajo<\/strong>&nbsp;e a autora&nbsp;<strong>Manuela Dias<\/strong>&nbsp;durante as grava\u00e7\u00f5es do remake de&nbsp;<em>Vale Tudo<\/em>, na Rede Globo. O caso, segundo fontes internas, foi parar no setor de&nbsp;<strong>compliance<\/strong>&nbsp;da emissora, levantando debates sobre \u00e9tica profissional, conduta nos est\u00fadios e o impacto dessas tens\u00f5es na imagem p\u00fablica das estrelas.<\/p>\n\n\n\n<hr class=\"wp-block-separator has-alpha-channel-opacity\"\/>\n\n\n\n<h2 class=\"wp-block-heading\">O In\u00edcio da Pol\u00eamica<\/h2>\n\n\n\n<p class=\"wp-block-paragraph\">A confus\u00e3o teria come\u00e7ado nas grava\u00e7\u00f5es de cenas decisivas do remake de&nbsp;<em>Vale Tudo<\/em>, uma das maiores apostas da Globo para o hor\u00e1rio nobre. Ta\u00eds Ara\u00fajo interpreta uma das personagens centrais da trama e, segundo relatos, teria se desentendido com Manuela Dias por diverg\u00eancias criativas. A autora, conhecida por trabalhos marcantes como&nbsp;<em>Amor de M\u00e3e<\/em>&nbsp;e&nbsp;<em>Justi\u00e7a<\/em>, teria registrado formalmente a situa\u00e7\u00e3o no&nbsp;<strong>compliance da emissora<\/strong>, alegando que Ta\u00eds teria \u201cquebrado o c\u00f3digo de conduta\u201d durante uma discuss\u00e3o acalorada no set.<\/p>\n\n\n\n<p class=\"wp-block-paragraph\">Fontes pr\u00f3ximas \u00e0 produ\u00e7\u00e3o revelam que o clima nos bastidores ficou pesado e que outros membros da equipe precisaram intervir para acalmar os \u00e2nimos. A Globo, por sua vez, n\u00e3o se manifestou oficialmente at\u00e9 o momento, limitando-se a dizer que \u201csitua\u00e7\u00f5es internas s\u00e3o tratadas de forma sigilosa\u201d.<\/p>\n\n\n\n<hr class=\"wp-block-separator has-alpha-channel-opacity\"\/>\n\n\n\n<h2 class=\"wp-block-heading\">Ta\u00eds Ara\u00fajo: Profissionalismo e Personalidade Forte<\/h2>\n\n\n\n<p class=\"wp-block-paragraph\">Ta\u00eds Ara\u00fajo, um dos nomes mais respeitados da TV brasileira, sempre foi conhecida por sua postura firme e por defender pautas importantes dentro e fora da tela. Seu envolvimento em causas sociais, raciais e culturais a tornou uma das artistas mais influentes do pa\u00eds. No entanto, essa mesma personalidade forte, somada \u00e0 press\u00e3o de gravar uma novela ic\u00f4nica como&nbsp;<em>Vale Tudo<\/em>, pode ter contribu\u00eddo para o atrito com a autora.<\/p>\n\n\n\n<p class=\"wp-block-paragraph\">De acordo com fontes de bastidor, Ta\u00eds teria questionado a forma como determinadas cenas estavam sendo conduzidas e o desenvolvimento de sua personagem. A discuss\u00e3o, que come\u00e7ou como uma troca de opini\u00f5es, teria escalado at\u00e9 se tornar um embate pessoal entre atriz e autora \u2014 algo raro, mas n\u00e3o in\u00e9dito, em grandes produ\u00e7\u00f5es televisivas.<\/p>\n\n\n\n<hr class=\"wp-block-separator has-alpha-channel-opacity\"\/>\n\n\n\n<h2 class=\"wp-block-heading\">Manuela Dias: Roteirista Vision\u00e1ria e Exigente<\/h2>\n\n\n\n<p class=\"wp-block-paragraph\">Manuela Dias \u00e9 considerada uma das autoras mais inovadoras da nova gera\u00e7\u00e3o de dramaturgos da Globo. Sua assinatura \u00e9 marcada por di\u00e1logos intensos, tramas sociais e uma busca constante por verossimilhan\u00e7a. No entanto, tamb\u00e9m \u00e9 conhecida por ser extremamente exigente com o elenco e pela forma direta com que conduz suas produ\u00e7\u00f5es.<\/p>\n\n\n\n<p class=\"wp-block-paragraph\">Segundo rumores, Manuela n\u00e3o teria reagido bem \u00e0 interfer\u00eancia da atriz em decis\u00f5es de roteiro, o que teria sido interpretado como uma quebra de hierarquia profissional. Esse desentendimento foi o estopim para o registro formal no compliance, um procedimento que visa preservar a integridade \u00e9tica e profissional das produ\u00e7\u00f5es da emissora.<\/p>\n\n\n\n<hr class=\"wp-block-separator has-alpha-channel-opacity\"\/>\n\n\n\n<h2 class=\"wp-block-heading\">O Impacto na Produ\u00e7\u00e3o de&nbsp;<em>Vale Tudo<\/em><\/h2>\n\n\n\n<p class=\"wp-block-paragraph\">Mesmo com o clima tenso, as grava\u00e7\u00f5es do remake seguem em andamento.&nbsp;<em>Vale Tudo<\/em>&nbsp;\u00e9 um dos maiores projetos da Globo em 2025, com previs\u00e3o de estreia para o primeiro semestre de 2026, e re\u00fane um elenco de peso. A emissora aposta alto no sucesso da trama, que marcou \u00e9poca nos anos 80 e agora ganha uma releitura moderna, abordando temas como corrup\u00e7\u00e3o, poder e moralidade \u2014 assuntos ainda extremamente atuais.<\/p>\n\n\n\n<p class=\"wp-block-paragraph\">Nos bastidores, h\u00e1 quem diga que o desentendimento entre Ta\u00eds e Manuela acabou gerando uma reavalia\u00e7\u00e3o de algumas cenas e ajustes na din\u00e2mica de trabalho. Outros, por\u00e9m, acreditam que o caso serviu de alerta sobre os limites entre o processo criativo e o respeito \u00e0s hierarquias de produ\u00e7\u00e3o.<\/p>\n\n\n\n<hr class=\"wp-block-separator has-alpha-channel-opacity\"\/>\n\n\n\n<h2 class=\"wp-block-heading\">A Repercuss\u00e3o nas Redes e na Imprensa<\/h2>\n\n\n\n<p class=\"wp-block-paragraph\">Assim que a not\u00edcia veio \u00e0 tona, as redes sociais fervilharam. F\u00e3s de Ta\u00eds Ara\u00fajo sa\u00edram em defesa da atriz, ressaltando sua trajet\u00f3ria impec\u00e1vel e seu compromisso com a arte e a representatividade. J\u00e1 outros internautas criticaram a suposta rigidez de Manuela Dias, lembrando que atritos criativos s\u00e3o normais em produ\u00e7\u00f5es de grande porte.<\/p>\n\n\n\n<p class=\"wp-block-paragraph\">Portais especializados em entretenimento, como&nbsp;<em>Terra<\/em>&nbsp;e&nbsp;<em>Metr\u00f3poles<\/em>, repercutiram o caso com destaque, levantando discuss\u00f5es sobre o papel do compliance na TV e sobre como diverg\u00eancias internas podem afetar o produto final. Alguns comentaristas de televis\u00e3o chegaram a afirmar que a Globo enfrenta um novo desafio: conciliar liberdade art\u00edstica com ambiente de trabalho equilibrado.<\/p>\n\n\n\n<hr class=\"wp-block-separator has-alpha-channel-opacity\"\/>\n\n\n\n<h2 class=\"wp-block-heading\">Li\u00e7\u00f5es e Bastidores do Mundo da TV<\/h2>\n\n\n\n<p class=\"wp-block-paragraph\">O epis\u00f3dio entre Ta\u00eds Ara\u00fajo e Manuela Dias exp\u00f5e uma realidade pouco comentada: o ambiente de grava\u00e7\u00e3o de uma novela \u00e9 altamente competitivo e emocional. S\u00e3o meses de press\u00e3o, prazos curtos e expectativas alt\u00edssimas. Cada cena \u00e9 resultado de um trabalho coletivo, que envolve dezenas de profissionais \u2014 e, inevitavelmente, choques de vis\u00e3o acontecem.<\/p>\n\n\n\n<p class=\"wp-block-paragraph\">Especialistas em gest\u00e3o de equipes criativas apontam que a melhor forma de lidar com esse tipo de situa\u00e7\u00e3o \u00e9 com di\u00e1logo aberto e media\u00e7\u00e3o profissional. Nesse sentido, o compliance da Globo cumpre um papel fundamental ao garantir que todas as partes sejam ouvidas e que o ambiente de trabalho se mantenha saud\u00e1vel.<\/p>\n\n\n\n<hr class=\"wp-block-separator has-alpha-channel-opacity\"\/>\n\n\n\n<h2 class=\"wp-block-heading\">O Que Esperar Daqui pra Frente<\/h2>\n\n\n\n<p class=\"wp-block-paragraph\">Ainda n\u00e3o se sabe se o desentendimento entre Ta\u00eds e Manuela ter\u00e1 consequ\u00eancias mais s\u00e9rias. No entanto, \u00e9 improv\u00e1vel que isso abale a exibi\u00e7\u00e3o da novela. A Globo tende a administrar esse tipo de crise de maneira discreta, evitando que o p\u00fablico perceba qualquer interfer\u00eancia nas grava\u00e7\u00f5es.<\/p>\n\n\n\n<p class=\"wp-block-paragraph\">Se h\u00e1 um lado positivo nessa hist\u00f3ria, \u00e9 que o conflito reacende o debate sobre&nbsp;<strong>criatividade, poder e respeito dentro das produ\u00e7\u00f5es televisivas<\/strong>. E, para o p\u00fablico, essa tens\u00e3o toda pode at\u00e9 gerar mais curiosidade sobre o remake \u2014 afinal, nada chama mais aten\u00e7\u00e3o do que uma boa novela dentro da pr\u00f3pria novela.<\/p>\n\n\n\n<hr class=\"wp-block-separator has-alpha-channel-opacity\"\/>\n\n\n\n<h2 class=\"wp-block-heading\">Conclus\u00e3o<\/h2>\n\n\n\n<p class=\"wp-block-paragraph\">O embate entre&nbsp;<strong>Ta\u00eds Ara\u00fajo e Manuela Dias<\/strong>&nbsp;\u00e9 um lembrete de que, mesmo no universo glamouroso da televis\u00e3o, bastidores fervem e egos colidem. Ainda assim, \u00e9 justamente dessa intensidade que nascem algumas das melhores performances e hist\u00f3rias que o p\u00fablico ama assistir.<\/p>\n\n\n\n<p class=\"wp-block-paragraph\">Afinal, quando duas mentes fortes se enfrentam em nome da arte, o resultado pode ser imprevis\u00edvel \u2014 e, quem sabe, genial.<\/p>\n\n\n\n<p class=\"wp-block-paragraph\"><strong>E voc\u00ea?<\/strong>&nbsp;Acha que Ta\u00eds Ara\u00fajo agiu com raz\u00e3o ao defender sua vis\u00e3o art\u00edstica, ou que Manuela Dias fez bem em impor limites no set?<\/p>\n","protected":false},"excerpt":{"rendered":"<p>Nos bastidores da teledramaturgia brasileira, poucas coisas chamam tanta aten\u00e7\u00e3o quanto uma boa hist\u00f3ria de bastidor envolvendo grandes nomes da<\/p>\n","protected":false},"author":1,"featured_media":1061,"comment_status":"open","ping_status":"open","sticky":true,"template":"","format":"standard","meta":{"colormag_page_container_layout":"default_layout","colormag_page_sidebar_layout":"default_layout","om_disable_all_campaigns":false,"footnotes":""},"categories":[1],"tags":[],"class_list":["post-1060","post","type-post","status-publish","format-standard","has-post-thumbnail","hentry","category-sem-categoria"],"aioseo_notices":[],"aioseo_head":"\n\t\t<!-- All in One SEO 5.0.1.1 - aioseo.com -->\n\t<meta name=\"description\" content=\"Nos bastidores da teledramaturgia brasileira, poucas coisas chamam tanta aten\u00e7\u00e3o quanto uma boa hist\u00f3ria de bastidor envolvendo grandes nomes da TV. E foi exatamente isso que aconteceu nesta semana, quando veio \u00e0 tona a not\u00edcia de um desentendimento entre a atriz Ta\u00eds Ara\u00fajo e a autora Manuela Dias durante as grava\u00e7\u00f5es do remake de Vale Tudo, na Rede Globo. O\" \/>\n\t<meta name=\"robots\" content=\"max-image-preview:large\" \/>\n\t<meta name=\"author\" content=\"Fofocas da Net\"\/>\n\t<link rel=\"canonical\" href=\"https:\/\/fofocasdanet.com\/index.php\/2025\/11\/05\/bastidores-em-chamas-o-conflito-entre-tais-araujo-e-manuela-dias-abala-os-estudios-da-globo\/\" \/>\n\t<meta name=\"generator\" content=\"All in One SEO (AIOSEO) 5.0.1.1\" \/>\n\t\t<meta property=\"og:locale\" content=\"pt_BR\" \/>\n\t\t<meta property=\"og:site_name\" content=\"Fofocas da Net - Fofocas quentes do dia a dia !!!\" \/>\n\t\t<meta property=\"og:type\" content=\"article\" \/>\n\t\t<meta property=\"og:title\" content=\"Bastidores em Chamas: O Conflito Entre Ta\u00eds Ara\u00fajo e Manuela Dias Abala os Est\u00fadios da Globo - Fofocas da Net\" \/>\n\t\t<meta property=\"og:description\" content=\"Nos bastidores da teledramaturgia brasileira, poucas coisas chamam tanta aten\u00e7\u00e3o quanto uma boa hist\u00f3ria de bastidor envolvendo grandes nomes da TV. E foi exatamente isso que aconteceu nesta semana, quando veio \u00e0 tona a not\u00edcia de um desentendimento entre a atriz Ta\u00eds Ara\u00fajo e a autora Manuela Dias durante as grava\u00e7\u00f5es do remake de Vale Tudo, na Rede Globo. O\" \/>\n\t\t<meta property=\"og:url\" content=\"https:\/\/fofocasdanet.com\/index.php\/2025\/11\/05\/bastidores-em-chamas-o-conflito-entre-tais-araujo-e-manuela-dias-abala-os-estudios-da-globo\/\" \/>\n\t\t<meta property=\"article:published_time\" content=\"2025-11-05T19:37:15+00:00\" \/>\n\t\t<meta property=\"article:modified_time\" content=\"2025-11-05T19:37:17+00:00\" \/>\n\t\t<meta name=\"twitter:card\" content=\"summary\" \/>\n\t\t<meta name=\"twitter:title\" content=\"Bastidores em Chamas: O Conflito Entre Ta\u00eds Ara\u00fajo e Manuela Dias Abala os Est\u00fadios da Globo - Fofocas da Net\" \/>\n\t\t<meta name=\"twitter:description\" content=\"Nos bastidores da teledramaturgia brasileira, poucas coisas chamam tanta aten\u00e7\u00e3o quanto uma boa hist\u00f3ria de bastidor envolvendo grandes nomes da TV. E foi exatamente isso que aconteceu nesta semana, quando veio \u00e0 tona a not\u00edcia de um desentendimento entre a atriz Ta\u00eds Ara\u00fajo e a autora Manuela Dias durante as grava\u00e7\u00f5es do remake de Vale Tudo, na Rede Globo. O\" \/>\n\t\t<script type=\"application\/ld+json\" class=\"aioseo-schema\">\n\t\t\t{\"@context\":\"https:\\\/\\\/schema.org\",\"@graph\":[{\"@type\":\"BlogPosting\",\"@id\":\"https:\\\/\\\/fofocasdanet.com\\\/index.php\\\/2025\\\/11\\\/05\\\/bastidores-em-chamas-o-conflito-entre-tais-araujo-e-manuela-dias-abala-os-estudios-da-globo\\\/#blogposting\",\"name\":\"Bastidores em Chamas: O Conflito Entre Ta\\u00eds Ara\\u00fajo e Manuela Dias Abala os Est\\u00fadios da Globo - Fofocas da Net\",\"headline\":\"Bastidores em Chamas: O Conflito Entre Ta\\u00eds Ara\\u00fajo e Manuela Dias Abala os Est\\u00fadios da Globo\",\"author\":{\"@id\":\"https:\\\/\\\/fofocasdanet.com\\\/index.php\\\/author\\\/informativodaweb\\\/#author\"},\"publisher\":{\"@id\":\"https:\\\/\\\/fofocasdanet.com\\\/#organization\"},\"image\":{\"@type\":\"ImageObject\",\"url\":\"https:\\\/\\\/fofocasdanet.com\\\/wp-content\\\/uploads\\\/2025\\\/11\\\/Captura-de-Tela-2025-11-05-as-16.35.00.png\",\"width\":2368,\"height\":1550},\"datePublished\":\"2025-11-05T16:37:15-03:00\",\"dateModified\":\"2025-11-05T16:37:17-03:00\",\"inLanguage\":\"pt-BR\",\"mainEntityOfPage\":{\"@id\":\"https:\\\/\\\/fofocasdanet.com\\\/index.php\\\/2025\\\/11\\\/05\\\/bastidores-em-chamas-o-conflito-entre-tais-araujo-e-manuela-dias-abala-os-estudios-da-globo\\\/#webpage\"},\"isPartOf\":{\"@id\":\"https:\\\/\\\/fofocasdanet.com\\\/index.php\\\/2025\\\/11\\\/05\\\/bastidores-em-chamas-o-conflito-entre-tais-araujo-e-manuela-dias-abala-os-estudios-da-globo\\\/#webpage\"},\"articleSection\":\"Sem categoria\"},{\"@type\":\"BreadcrumbList\",\"@id\":\"https:\\\/\\\/fofocasdanet.com\\\/index.php\\\/2025\\\/11\\\/05\\\/bastidores-em-chamas-o-conflito-entre-tais-araujo-e-manuela-dias-abala-os-estudios-da-globo\\\/#breadcrumblist\",\"itemListElement\":[{\"@type\":\"ListItem\",\"@id\":\"https:\\\/\\\/fofocasdanet.com#listItem\",\"position\":1,\"name\":\"In\\u00edcio\",\"item\":\"https:\\\/\\\/fofocasdanet.com\",\"nextItem\":{\"@type\":\"ListItem\",\"@id\":\"https:\\\/\\\/fofocasdanet.com\\\/index.php\\\/category\\\/sem-categoria\\\/#listItem\",\"name\":\"Sem categoria\"}},{\"@type\":\"ListItem\",\"@id\":\"https:\\\/\\\/fofocasdanet.com\\\/index.php\\\/category\\\/sem-categoria\\\/#listItem\",\"position\":2,\"name\":\"Sem categoria\",\"item\":\"https:\\\/\\\/fofocasdanet.com\\\/index.php\\\/category\\\/sem-categoria\\\/\",\"nextItem\":{\"@type\":\"ListItem\",\"@id\":\"https:\\\/\\\/fofocasdanet.com\\\/index.php\\\/2025\\\/11\\\/05\\\/bastidores-em-chamas-o-conflito-entre-tais-araujo-e-manuela-dias-abala-os-estudios-da-globo\\\/#listItem\",\"name\":\"Bastidores em Chamas: O Conflito Entre Ta\\u00eds Ara\\u00fajo e Manuela Dias Abala os Est\\u00fadios da Globo\"},\"previousItem\":{\"@type\":\"ListItem\",\"@id\":\"https:\\\/\\\/fofocasdanet.com#listItem\",\"name\":\"In\\u00edcio\"}},{\"@type\":\"ListItem\",\"@id\":\"https:\\\/\\\/fofocasdanet.com\\\/index.php\\\/2025\\\/11\\\/05\\\/bastidores-em-chamas-o-conflito-entre-tais-araujo-e-manuela-dias-abala-os-estudios-da-globo\\\/#listItem\",\"position\":3,\"name\":\"Bastidores em Chamas: O Conflito Entre Ta\\u00eds Ara\\u00fajo e Manuela Dias Abala os Est\\u00fadios da Globo\",\"previousItem\":{\"@type\":\"ListItem\",\"@id\":\"https:\\\/\\\/fofocasdanet.com\\\/index.php\\\/category\\\/sem-categoria\\\/#listItem\",\"name\":\"Sem categoria\"}}]},{\"@type\":\"Organization\",\"@id\":\"https:\\\/\\\/fofocasdanet.com\\\/#organization\",\"name\":\"Finan\\u00e7as e Info\",\"description\":\"Fofocas quentes do dia a dia !!!\",\"url\":\"https:\\\/\\\/fofocasdanet.com\\\/\"},{\"@type\":\"Person\",\"@id\":\"https:\\\/\\\/fofocasdanet.com\\\/index.php\\\/author\\\/informativodaweb\\\/#author\",\"url\":\"https:\\\/\\\/fofocasdanet.com\\\/index.php\\\/author\\\/informativodaweb\\\/\",\"name\":\"Fofocas da Net\",\"image\":{\"@type\":\"ImageObject\",\"@id\":\"https:\\\/\\\/fofocasdanet.com\\\/index.php\\\/2025\\\/11\\\/05\\\/bastidores-em-chamas-o-conflito-entre-tais-araujo-e-manuela-dias-abala-os-estudios-da-globo\\\/#authorImage\",\"url\":\"https:\\\/\\\/secure.gravatar.com\\\/avatar\\\/96d3bcc3dc7f55414009c9b068ce88cbc81e08a982c3302a1a27fbbf09621e0e?s=96&d=mm&r=g\",\"width\":96,\"height\":96,\"caption\":\"Fofocas da Net\"}},{\"@type\":\"WebPage\",\"@id\":\"https:\\\/\\\/fofocasdanet.com\\\/index.php\\\/2025\\\/11\\\/05\\\/bastidores-em-chamas-o-conflito-entre-tais-araujo-e-manuela-dias-abala-os-estudios-da-globo\\\/#webpage\",\"url\":\"https:\\\/\\\/fofocasdanet.com\\\/index.php\\\/2025\\\/11\\\/05\\\/bastidores-em-chamas-o-conflito-entre-tais-araujo-e-manuela-dias-abala-os-estudios-da-globo\\\/\",\"name\":\"Bastidores em Chamas: O Conflito Entre Ta\\u00eds Ara\\u00fajo e Manuela Dias Abala os Est\\u00fadios da Globo - Fofocas da Net\",\"description\":\"Nos bastidores da teledramaturgia brasileira, poucas coisas chamam tanta aten\\u00e7\\u00e3o quanto uma boa hist\\u00f3ria de bastidor envolvendo grandes nomes da TV. E foi exatamente isso que aconteceu nesta semana, quando veio \\u00e0 tona a not\\u00edcia de um desentendimento entre a atriz Ta\\u00eds Ara\\u00fajo e a autora Manuela Dias durante as grava\\u00e7\\u00f5es do remake de Vale Tudo, na Rede Globo. O\",\"inLanguage\":\"pt-BR\",\"isPartOf\":{\"@id\":\"https:\\\/\\\/fofocasdanet.com\\\/#website\"},\"breadcrumb\":{\"@id\":\"https:\\\/\\\/fofocasdanet.com\\\/index.php\\\/2025\\\/11\\\/05\\\/bastidores-em-chamas-o-conflito-entre-tais-araujo-e-manuela-dias-abala-os-estudios-da-globo\\\/#breadcrumblist\"},\"author\":{\"@id\":\"https:\\\/\\\/fofocasdanet.com\\\/index.php\\\/author\\\/informativodaweb\\\/#author\"},\"creator\":{\"@id\":\"https:\\\/\\\/fofocasdanet.com\\\/index.php\\\/author\\\/informativodaweb\\\/#author\"},\"image\":{\"@type\":\"ImageObject\",\"url\":\"https:\\\/\\\/fofocasdanet.com\\\/wp-content\\\/uploads\\\/2025\\\/11\\\/Captura-de-Tela-2025-11-05-as-16.35.00.png\",\"@id\":\"https:\\\/\\\/fofocasdanet.com\\\/index.php\\\/2025\\\/11\\\/05\\\/bastidores-em-chamas-o-conflito-entre-tais-araujo-e-manuela-dias-abala-os-estudios-da-globo\\\/#mainImage\",\"width\":2368,\"height\":1550},\"primaryImageOfPage\":{\"@id\":\"https:\\\/\\\/fofocasdanet.com\\\/index.php\\\/2025\\\/11\\\/05\\\/bastidores-em-chamas-o-conflito-entre-tais-araujo-e-manuela-dias-abala-os-estudios-da-globo\\\/#mainImage\"},\"datePublished\":\"2025-11-05T16:37:15-03:00\",\"dateModified\":\"2025-11-05T16:37:17-03:00\"},{\"@type\":\"WebSite\",\"@id\":\"https:\\\/\\\/fofocasdanet.com\\\/#website\",\"url\":\"https:\\\/\\\/fofocasdanet.com\\\/\",\"name\":\"Finan\\u00e7as e Info\",\"description\":\"Fofocas quentes do dia a dia !!!\",\"inLanguage\":\"pt-BR\",\"publisher\":{\"@id\":\"https:\\\/\\\/fofocasdanet.com\\\/#organization\"}}]}\n\t\t<\/script>\n\t\t<!-- All in One SEO -->\n\n","aioseo_head_json":{"title":"Bastidores em Chamas: O Conflito Entre Ta\u00eds Ara\u00fajo e Manuela Dias Abala os Est\u00fadios da Globo - Fofocas da Net","description":"Nos bastidores da teledramaturgia brasileira, poucas coisas chamam tanta aten\u00e7\u00e3o quanto uma boa hist\u00f3ria de bastidor envolvendo grandes nomes da TV. E foi exatamente isso que aconteceu nesta semana, quando veio \u00e0 tona a not\u00edcia de um desentendimento entre a atriz Ta\u00eds Ara\u00fajo e a autora Manuela Dias durante as grava\u00e7\u00f5es do remake de Vale Tudo, na Rede Globo. O","canonical_url":"https:\/\/fofocasdanet.com\/index.php\/2025\/11\/05\/bastidores-em-chamas-o-conflito-entre-tais-araujo-e-manuela-dias-abala-os-estudios-da-globo\/","robots":"max-image-preview:large","keywords":"","webmasterTools":{"miscellaneous":""},"schema":{"@context":"https:\/\/schema.org","@graph":[{"@type":"BlogPosting","@id":"https:\/\/fofocasdanet.com\/index.php\/2025\/11\/05\/bastidores-em-chamas-o-conflito-entre-tais-araujo-e-manuela-dias-abala-os-estudios-da-globo\/#blogposting","name":"Bastidores em Chamas: O Conflito Entre Ta\u00eds Ara\u00fajo e Manuela Dias Abala os Est\u00fadios da Globo - Fofocas da Net","headline":"Bastidores em Chamas: O Conflito Entre Ta\u00eds Ara\u00fajo e Manuela Dias Abala os Est\u00fadios da Globo","author":{"@id":"https:\/\/fofocasdanet.com\/index.php\/author\/informativodaweb\/#author"},"publisher":{"@id":"https:\/\/fofocasdanet.com\/#organization"},"image":{"@type":"ImageObject","url":"https:\/\/fofocasdanet.com\/wp-content\/uploads\/2025\/11\/Captura-de-Tela-2025-11-05-as-16.35.00.png","width":2368,"height":1550},"datePublished":"2025-11-05T16:37:15-03:00","dateModified":"2025-11-05T16:37:17-03:00","inLanguage":"pt-BR","mainEntityOfPage":{"@id":"https:\/\/fofocasdanet.com\/index.php\/2025\/11\/05\/bastidores-em-chamas-o-conflito-entre-tais-araujo-e-manuela-dias-abala-os-estudios-da-globo\/#webpage"},"isPartOf":{"@id":"https:\/\/fofocasdanet.com\/index.php\/2025\/11\/05\/bastidores-em-chamas-o-conflito-entre-tais-araujo-e-manuela-dias-abala-os-estudios-da-globo\/#webpage"},"articleSection":"Sem categoria"},{"@type":"BreadcrumbList","@id":"https:\/\/fofocasdanet.com\/index.php\/2025\/11\/05\/bastidores-em-chamas-o-conflito-entre-tais-araujo-e-manuela-dias-abala-os-estudios-da-globo\/#breadcrumblist","itemListElement":[{"@type":"ListItem","@id":"https:\/\/fofocasdanet.com#listItem","position":1,"name":"In\u00edcio","item":"https:\/\/fofocasdanet.com","nextItem":{"@type":"ListItem","@id":"https:\/\/fofocasdanet.com\/index.php\/category\/sem-categoria\/#listItem","name":"Sem categoria"}},{"@type":"ListItem","@id":"https:\/\/fofocasdanet.com\/index.php\/category\/sem-categoria\/#listItem","position":2,"name":"Sem categoria","item":"https:\/\/fofocasdanet.com\/index.php\/category\/sem-categoria\/","nextItem":{"@type":"ListItem","@id":"https:\/\/fofocasdanet.com\/index.php\/2025\/11\/05\/bastidores-em-chamas-o-conflito-entre-tais-araujo-e-manuela-dias-abala-os-estudios-da-globo\/#listItem","name":"Bastidores em Chamas: O Conflito Entre Ta\u00eds Ara\u00fajo e Manuela Dias Abala os Est\u00fadios da Globo"},"previousItem":{"@type":"ListItem","@id":"https:\/\/fofocasdanet.com#listItem","name":"In\u00edcio"}},{"@type":"ListItem","@id":"https:\/\/fofocasdanet.com\/index.php\/2025\/11\/05\/bastidores-em-chamas-o-conflito-entre-tais-araujo-e-manuela-dias-abala-os-estudios-da-globo\/#listItem","position":3,"name":"Bastidores em Chamas: O Conflito Entre Ta\u00eds Ara\u00fajo e Manuela Dias Abala os Est\u00fadios da Globo","previousItem":{"@type":"ListItem","@id":"https:\/\/fofocasdanet.com\/index.php\/category\/sem-categoria\/#listItem","name":"Sem categoria"}}]},{"@type":"Organization","@id":"https:\/\/fofocasdanet.com\/#organization","name":"Finan\u00e7as e Info","description":"Fofocas quentes do dia a dia !!!","url":"https:\/\/fofocasdanet.com\/"},{"@type":"Person","@id":"https:\/\/fofocasdanet.com\/index.php\/author\/informativodaweb\/#author","url":"https:\/\/fofocasdanet.com\/index.php\/author\/informativodaweb\/","name":"Fofocas da Net","image":{"@type":"ImageObject","@id":"https:\/\/fofocasdanet.com\/index.php\/2025\/11\/05\/bastidores-em-chamas-o-conflito-entre-tais-araujo-e-manuela-dias-abala-os-estudios-da-globo\/#authorImage","url":"https:\/\/secure.gravatar.com\/avatar\/96d3bcc3dc7f55414009c9b068ce88cbc81e08a982c3302a1a27fbbf09621e0e?s=96&d=mm&r=g","width":96,"height":96,"caption":"Fofocas da Net"}},{"@type":"WebPage","@id":"https:\/\/fofocasdanet.com\/index.php\/2025\/11\/05\/bastidores-em-chamas-o-conflito-entre-tais-araujo-e-manuela-dias-abala-os-estudios-da-globo\/#webpage","url":"https:\/\/fofocasdanet.com\/index.php\/2025\/11\/05\/bastidores-em-chamas-o-conflito-entre-tais-araujo-e-manuela-dias-abala-os-estudios-da-globo\/","name":"Bastidores em Chamas: O Conflito Entre Ta\u00eds Ara\u00fajo e Manuela Dias Abala os Est\u00fadios da Globo - Fofocas da Net","description":"Nos bastidores da teledramaturgia brasileira, poucas coisas chamam tanta aten\u00e7\u00e3o quanto uma boa hist\u00f3ria de bastidor envolvendo grandes nomes da TV. E foi exatamente isso que aconteceu nesta semana, quando veio \u00e0 tona a not\u00edcia de um desentendimento entre a atriz Ta\u00eds Ara\u00fajo e a autora Manuela Dias durante as grava\u00e7\u00f5es do remake de Vale Tudo, na Rede Globo. O","inLanguage":"pt-BR","isPartOf":{"@id":"https:\/\/fofocasdanet.com\/#website"},"breadcrumb":{"@id":"https:\/\/fofocasdanet.com\/index.php\/2025\/11\/05\/bastidores-em-chamas-o-conflito-entre-tais-araujo-e-manuela-dias-abala-os-estudios-da-globo\/#breadcrumblist"},"author":{"@id":"https:\/\/fofocasdanet.com\/index.php\/author\/informativodaweb\/#author"},"creator":{"@id":"https:\/\/fofocasdanet.com\/index.php\/author\/informativodaweb\/#author"},"image":{"@type":"ImageObject","url":"https:\/\/fofocasdanet.com\/wp-content\/uploads\/2025\/11\/Captura-de-Tela-2025-11-05-as-16.35.00.png","@id":"https:\/\/fofocasdanet.com\/index.php\/2025\/11\/05\/bastidores-em-chamas-o-conflito-entre-tais-araujo-e-manuela-dias-abala-os-estudios-da-globo\/#mainImage","width":2368,"height":1550},"primaryImageOfPage":{"@id":"https:\/\/fofocasdanet.com\/index.php\/2025\/11\/05\/bastidores-em-chamas-o-conflito-entre-tais-araujo-e-manuela-dias-abala-os-estudios-da-globo\/#mainImage"},"datePublished":"2025-11-05T16:37:15-03:00","dateModified":"2025-11-05T16:37:17-03:00"},{"@type":"WebSite","@id":"https:\/\/fofocasdanet.com\/#website","url":"https:\/\/fofocasdanet.com\/","name":"Finan\u00e7as e Info","description":"Fofocas quentes do dia a dia !!!","inLanguage":"pt-BR","publisher":{"@id":"https:\/\/fofocasdanet.com\/#organization"}}]},"og:locale":"pt_BR","og:site_name":"Fofocas da Net - Fofocas quentes do dia a dia !!!","og:type":"article","og:title":"Bastidores em Chamas: O Conflito Entre Ta\u00eds Ara\u00fajo e Manuela Dias Abala os Est\u00fadios da Globo - Fofocas da Net","og:description":"Nos bastidores da teledramaturgia brasileira, poucas coisas chamam tanta aten\u00e7\u00e3o quanto uma boa hist\u00f3ria de bastidor envolvendo grandes nomes da TV. E foi exatamente isso que aconteceu nesta semana, quando veio \u00e0 tona a not\u00edcia de um desentendimento entre a atriz Ta\u00eds Ara\u00fajo e a autora Manuela Dias durante as grava\u00e7\u00f5es do remake de Vale Tudo, na Rede Globo. O","og:url":"https:\/\/fofocasdanet.com\/index.php\/2025\/11\/05\/bastidores-em-chamas-o-conflito-entre-tais-araujo-e-manuela-dias-abala-os-estudios-da-globo\/","article:published_time":"2025-11-05T19:37:15+00:00","article:modified_time":"2025-11-05T19:37:17+00:00","twitter:card":"summary","twitter:title":"Bastidores em Chamas: O Conflito Entre Ta\u00eds Ara\u00fajo e Manuela Dias Abala os Est\u00fadios da Globo - Fofocas da Net","twitter:description":"Nos bastidores da teledramaturgia brasileira, poucas coisas chamam tanta aten\u00e7\u00e3o quanto uma boa hist\u00f3ria de bastidor envolvendo grandes nomes da TV. E foi exatamente isso que aconteceu nesta semana, quando veio \u00e0 tona a not\u00edcia de um desentendimento entre a atriz Ta\u00eds Ara\u00fajo e a autora Manuela Dias durante as grava\u00e7\u00f5es do remake de Vale Tudo, na Rede Globo. O"},"aioseo_meta_data":{"post_id":"1060","title":null,"description":null,"keywords":null,"keyphrases":{"focus":{"keyphrase":"globo","score":85},"additional":[]},"primary_term":null,"canonical_url":null,"og_title":null,"og_description":null,"og_object_type":"default","og_image_type":"default","og_image_url":null,"og_image_width":null,"og_image_height":null,"og_image_custom_url":null,"og_image_custom_fields":null,"og_video":"","og_custom_url":null,"og_article_section":null,"og_article_tags":null,"twitter_use_og":false,"twitter_card":"default","twitter_image_type":"default","twitter_image_url":null,"twitter_image_custom_url":null,"twitter_image_custom_fields":null,"twitter_title":null,"twitter_description":null,"schema":{"blockGraphs":[],"customGraphs":[],"default":{"data":{"Article":[],"Course":[],"Dataset":[],"FAQPage":[],"Movie":[],"Person":[],"Product":[],"ProductReview":[],"Car":[],"Recipe":[],"Service":[],"SoftwareApplication":[],"WebPage":[]},"graphName":"BlogPosting","isEnabled":true},"graphs":[]},"schema_type":"default","schema_type_options":null,"pillar_content":false,"robots_default":true,"robots_noindex":false,"robots_noarchive":false,"robots_nosnippet":false,"robots_nofollow":false,"robots_noimageindex":false,"robots_noodp":false,"robots_notranslate":false,"robots_max_snippet":"-1","robots_max_videopreview":"-1","robots_max_imagepreview":"large","priority":null,"frequency":"default","local_seo":null,"breadcrumb_settings":null,"limit_modified_date":false,"ai":{"faqs":[],"keyPoints":[],"titles":[],"descriptions":[],"socialPosts":{"email":[],"linkedin":[],"twitter":[],"facebook":[],"instagram":[]}},"created":"2025-11-05 19:37:17","updated":"2026-09-02 01:58:16","seo_analyzer_scan_date":null,"focus_keyword":"globo","additional_keywords":null,"truseo_locale":null},"aioseo_breadcrumb":"<div class=\"aioseo-breadcrumbs\"><span class=\"aioseo-breadcrumb\">\n\t\t\t<a href=\"https:\/\/fofocasdanet.com\" title=\"In\u00edcio\">In\u00edcio<\/a>\n\t\t<\/span><span class=\"aioseo-breadcrumb-separator\">&raquo;<\/span><span class=\"aioseo-breadcrumb\">\n\t\t\t<a href=\"https:\/\/fofocasdanet.com\/index.php\/category\/sem-categoria\/\" title=\"Sem categoria\">Sem categoria<\/a>\n\t\t<\/span><span class=\"aioseo-breadcrumb-separator\">&raquo;<\/span><span class=\"aioseo-breadcrumb\">\n\t\t\tBastidores em Chamas: O Conflito Entre Ta\u00eds Ara\u00fajo e Manuela Dias Abala os Est\u00fadios da Globo\n\t\t<\/span><\/div>","aioseo_breadcrumb_json":[{"label":"In\u00edcio","link":"https:\/\/fofocasdanet.com"},{"label":"Sem categoria","link":"https:\/\/fofocasdanet.com\/index.php\/category\/sem-categoria\/"},{"label":"Bastidores em Chamas: O Conflito Entre Ta\u00eds Ara\u00fajo e Manuela Dias Abala os Est\u00fadios da Globo","link":"https:\/\/fofocasdanet.com\/index.php\/2025\/11\/05\/bastidores-em-chamas-o-conflito-entre-tais-araujo-e-manuela-dias-abala-os-estudios-da-globo\/"}],"_links":{"self":[{"href":"https:\/\/fofocasdanet.com\/index.php\/wp-json\/wp\/v2\/posts\/1060","targetHints":{"allow":["GET"]}}],"collection":[{"href":"https:\/\/fofocasdanet.com\/index.php\/wp-json\/wp\/v2\/posts"}],"about":[{"href":"https:\/\/fofocasdanet.com\/index.php\/wp-json\/wp\/v2\/types\/post"}],"author":[{"embeddable":true,"href":"https:\/\/fofocasdanet.com\/index.php\/wp-json\/wp\/v2\/users\/1"}],"replies":[{"embeddable":true,"href":"https:\/\/fofocasdanet.com\/index.php\/wp-json\/wp\/v2\/comments?post=1060"}],"version-history":[{"count":1,"href":"https:\/\/fofocasdanet.com\/index.php\/wp-json\/wp\/v2\/posts\/1060\/revisions"}],"predecessor-version":[{"id":1062,"href":"https:\/\/fofocasdanet.com\/index.php\/wp-json\/wp\/v2\/posts\/1060\/revisions\/1062"}],"wp:featuredmedia":[{"embeddable":true,"href":"https:\/\/fofocasdanet.com\/index.php\/wp-json\/wp\/v2\/media\/1061"}],"wp:attachment":[{"href":"https:\/\/fofocasdanet.com\/index.php\/wp-json\/wp\/v2\/media?parent=1060"}],"wp:term":[{"taxonomy":"category","embeddable":true,"href":"https:\/\/fofocasdanet.com\/index.php\/wp-json\/wp\/v2\/categories?post=1060"},{"taxonomy":"post_tag","embeddable":true,"href":"https:\/\/fofocasdanet.com\/index.php\/wp-json\/wp\/v2\/tags?post=1060"}],"curies":[{"name":"wp","href":"https:\/\/api.w.org\/{rel}","templated":true}]}}